{"id":71450,"date":"2019-12-27T11:05:00","date_gmt":"2019-12-27T16:05:00","guid":{"rendered":"https:\/\/linitiative.ca\/International\/pourquoi-habib-jemli-a-reporte-lannonce-de-la-composition-de-son-gouvernement\/"},"modified":"2019-12-27T11:05:00","modified_gmt":"2019-12-27T16:05:00","slug":"pourquoi-habib-jemli-a-reporte-lannonce-de-la-composition-de-son-gouvernement","status":"publish","type":"post","link":"https:\/\/linitiative.ca\/International\/pourquoi-habib-jemli-a-reporte-lannonce-de-la-composition-de-son-gouvernement\/","title":{"rendered":"Pourquoi Habib Jemli a report\u00e9 l&rsquo;annonce de la composition de son gouvernement"},"content":{"rendered":"<p class=\"MsoNormal\">Habib Jemli a d\u00e9clar\u00e9 ce vendredi apr\u00e8s-midi qu\u2019il n\u2019annoncerait pas la composition de son gouvernement avant de s\u2019assurer de la comp\u00e9tence, l\u2019int\u00e9grit\u00e9 et de l&rsquo;ind\u00e9pendance des partis de tous ses membres. N\u00e9anmois, il esp\u00e8re que la liste sera pr\u00eate avant la fin de l&rsquo;ann\u00e9e.<\/p>\n<p class=\"MsoNormal\">Le chef de Gouvernement d\u00e9sign\u00e9 a fait cette d\u00e9claration apr\u00e8s un entretien avec le pr\u00e9sident de la R\u00e9publique qui a \u00e9t\u00e9 consacr\u00e9 \u00e0 cette question. <span class=\"c2\">\u00a0<\/span><\/p>\n<p>Auteur:<br \/>\n<a href=\"https:\/\/www.leaders.com.tn\/article\/28735-pourquoi-habib-jemli-a-reporte-l-annonce-de-la-composition-de-son-gouvernement\">Cliquez ici pour lire l&rsquo;article depuis sa source.<\/a><\/p>\n","protected":false},"excerpt":{"rendered":"<p>Habib Jemli a d\u00e9clar\u00e9 ce vendredi apr\u00e8s-midi qu\u2019il n\u2019annoncerait pas la composition de son gouvernement avant de s\u2019assurer de la comp\u00e9tence, l\u2019int\u00e9grit\u00e9 et de l&rsquo;ind\u00e9pendance des partis de tous ses membres. N\u00e9anmois, il esp\u00e8re que la liste sera pr\u00eate avant la fin de l&rsquo;ann\u00e9e. Le chef de Gouvernement d\u00e9sign\u00e9 a fait cette d\u00e9claration apr\u00e8s un [&hellip;]<\/p>\n","protected":false},"author":1772,"featured_media":0,"comment_status":"closed","ping_status":"closed","sticky":false,"template":"","format":"standard","meta":{"fifu_image_url":"","fifu_image_alt":"","footnotes":""},"categories":[73,55],"tags":[],"class_list":["post-71450","post","type-post","status-publish","format-standard","hentry","category-actualite","category-tunisie"],"_links":{"self":[{"href":"https:\/\/linitiative.ca\/International\/wp-json\/wp\/v2\/posts\/71450","targetHints":{"allow":["GET"]}}],"collection":[{"href":"https:\/\/linitiative.ca\/International\/wp-json\/wp\/v2\/posts"}],"about":[{"href":"https:\/\/linitiative.ca\/International\/wp-json\/wp\/v2\/types\/post"}],"author":[{"embeddable":true,"href":"https:\/\/linitiative.ca\/International\/wp-json\/wp\/v2\/users\/1772"}],"replies":[{"embeddable":true,"href":"https:\/\/linitiative.ca\/International\/wp-json\/wp\/v2\/comments?post=71450"}],"version-history":[{"count":0,"href":"https:\/\/linitiative.ca\/International\/wp-json\/wp\/v2\/posts\/71450\/revisions"}],"wp:attachment":[{"href":"https:\/\/linitiative.ca\/International\/wp-json\/wp\/v2\/media?parent=71450"}],"wp:term":[{"taxonomy":"category","embeddable":true,"href":"https:\/\/linitiative.ca\/International\/wp-json\/wp\/v2\/categories?post=71450"},{"taxonomy":"post_tag","embeddable":true,"href":"https:\/\/linitiative.ca\/International\/wp-json\/wp\/v2\/tags?post=71450"}],"curies":[{"name":"wp","href":"https:\/\/api.w.org\/{rel}","templated":true}]}}