{"id":71457,"date":"2019-12-27T13:15:25","date_gmt":"2019-12-27T18:15:25","guid":{"rendered":"https:\/\/linitiative.ca\/International\/yasmina-benchekroun-prone-la-transformation-digitale-des-entreprises\/"},"modified":"2019-12-27T13:15:25","modified_gmt":"2019-12-27T18:15:25","slug":"yasmina-benchekroun-prone-la-transformation-digitale-des-entreprises","status":"publish","type":"post","link":"https:\/\/linitiative.ca\/International\/yasmina-benchekroun-prone-la-transformation-digitale-des-entreprises\/","title":{"rendered":"Yasmina Benchekroun pr\u00f4ne la transformation digitale des entreprises"},"content":{"rendered":"<p><strong>Yasmina Benchekroun, 27 ans, est \u00e0 la t\u00eate de la filiale marocaine d\u2019une multinationale britannique sp\u00e9cialis\u00e9e dans la digitalisation, la d\u00e9mat\u00e9rialisation, et l\u2019archivage num\u00e9rique. Tr\u00e8s dynamique et ambitieuse, elle entend faire d\u2019Abergower Maroc, qu\u2019elle dirige depuis mars 2018, l\u2019alli\u00e9 principal des entreprises marocaines en mati\u00e8re de transformation digitale.\u00a0<\/strong><\/p>\n<div class=\"c10\"\/>\n<p>A\u00a0seulement 27 ans, elle est d\u00e9j\u00e0 \u00e0 la t\u00eate de la filiale marocaine d\u2019une multinationale britannique. Yasmina Benchekroun est en effet directrice g\u00e9n\u00e9rale de <strong>Abergower Maroc<\/strong>. Sa maison-m\u00e8re, Abergower, op\u00e8re sur le march\u00e9 international depuis une vingtaine d\u2019ann\u00e9es et est sp\u00e9cialis\u00e9e dans la digitalisation, la d\u00e9mat\u00e9rialisation, et l\u2019archivage num\u00e9rique. Son ambition : encourager les entreprises \u00e0 aller d\u00e9finitivement vers le z\u00e9ro papier. La filiale marocaine a vu le jour en mars 2018. \u00ab <em>Initialement, nous pensions plut\u00f4t int\u00e9grer le Canada, et non le Maroc. Mais, nous nous sommes rendu compte que c\u2019est bien au Maroc qu\u2019il y a un vrai besoin en mati\u00e8re de digitalisation, et c\u2019est bien la raison pour laquelle nous avons chang\u00e9 d\u2019avis \u00bb<\/em>, confie Yasmina Benchekroun. <em>\u00ab Depuis que nous sommes sur le march\u00e9 marocain, nous avons enregistr\u00e9 beaucoup d\u2019avanc\u00e9es d\u00e9j\u00e0. Nous op\u00e9rons dans un secteur prometteur, et je pense que ce domaine va beaucoup contribuer \u00e0 l\u2019\u00e9conomie du Maroc. L\u2019impact est certain, et nous sommes s\u00fbrs d\u2019avoir fait le bon choix \u00bb<\/em>, poursuit-elle. L\u2019entreprise propose en effet ses solutions aux TPE, PME, et grandes entreprises. Mais, hormis ces derni\u00e8res, les deux autres cat\u00e9gories (PME et TPE) n\u2019ont pas encore saisi l\u2019enjeu, mais la jeune Dg ne baisse pas les bras. <em>\u00ab Nous op\u00e9rons diff\u00e9remment selon la taille de l\u2019entreprise. Nous travaillons plus avec les grandes entreprises, car c\u2019est un service indispensable pour elles, sinon les responsables sont perdus avec les tonnes de paperasses qu\u2019ils n\u2019arrivent pas \u00e0 g\u00e9rer. Toutefois, nous sensibilisons au fur et \u00e0 mesure les petites et moyennes entreprises \u00e9galement \u00e0 se digitaliser \u00bb<\/em>, confie-t-elle.\u00a0<\/p>\n<p><strong>Encourager les entreprises \u00e0 aller vers le 0 papier<\/strong><\/p>\n<p>Pour <strong>Yasmina Benchekroun<\/strong>, il ne s\u2019agit pas simplement de la quantit\u00e9 de papier \u00e0 num\u00e9riser, mais plut\u00f4t tout un processus de travail automatis\u00e9 \u00e0 instaurer \u00e0 travers des solutions de partage dynamiques permettant l\u2019acc\u00e8s \u00e0 la donn\u00e9e classifi\u00e9e ordonn\u00e9e par tous les employ\u00e9s de la soci\u00e9t\u00e9 simultan\u00e9ment. <em>\u00ab Cela permet de fluidifier le travail, d\u2019acc\u00e9l\u00e9rer le rendement \u00bb<\/em>, soutient-elle. Apr\u00e8s un an et quelque mois d\u2019existence dans le Royaume, la multinationale britannique, gr\u00e2ce \u00e0 sa strat\u00e9gie de d\u00e9veloppement bien peaufin\u00e9e, compte d\u00e9j\u00e0 des clients dans plusieurs villes (Casablanca, Rabat, Tanger\u2026).<\/p>\n<p>Les diff\u00e9rentes initiatives nationales lanc\u00e9es ces derni\u00e8res ann\u00e9es telles que la mise en place de l\u2019Agence du d\u00e9veloppement digital, le lancement de la strat\u00e9gie Maroc Digital 2020 et bien d\u2019autres, confortent Abergower dans sa vision. Il faut dire que le Maroc a d\u00e9cid\u00e9 d\u2019acc\u00e9l\u00e9rer la transformation num\u00e9rique de son \u00e9conomie pour se positionner comme un hub et un leader dans le domaine de l\u2019\u00e9conomie num\u00e9rique en Afrique. Une aubaine donc pour les entreprises comme Abergower. <em>\u00abNous appuyons toutes les initiatives d\u00e9j\u00e0 prises dans ce sens par le Royaume. Nous op\u00e9rons d\u00e9j\u00e0 dans plusieurs villes du Maroc, et nous souhaitons que la digitalisation ne soit pas adopt\u00e9e juste par les grandes villes, mais par tout le pays\u00bb<\/em>, d\u00e9taille Yasmina Benchekroun.<\/p>\n<div class=\"wp-block-embed__wrapper\"><iframe loading=\"lazy\" title=\"\u0627\u0644\u0645\u0642\u0627\u0648\u0644 \u0627\u0644\u0630\u0627\u062a\u064a \u0644\u0644\u0628\u0646\u0643 \u0627\u0644\u0634\u0639\u0628\u064a - \u0627\u0644\u0643\u0647\u0631\u0628\u0627\u0626\u064a\" width=\"1140\" height=\"641\" src=\"https:\/\/www.youtube.com\/embed\/3PXkLbmgoT8?feature=oembed\" frameborder=\"0\" allow=\"accelerometer; autoplay; encrypted-media; gyroscope; picture-in-picture\" allowfullscreen=\"\">[embedded content]<\/iframe><\/div>\n<p>D\u2019ailleurs, l\u2019entreprise m\u00e8ne tr\u00e8s souvent des campagnes de sensibilisations, des formations gratuites au profit de certaines r\u00e9gions du Maroc, avec l\u2019objectif de les encourager \u00e0 aller vers le 0 papier. Mais, Abergower Maroc n\u2019entend pas se limiter au Royaume. <em>\u00abNotre ambition, \u00e0 court terme, est de r\u00e9ussir une digitalisation acc\u00e9l\u00e9r\u00e9e au niveau du Maroc. Mais pour cela, il faudrait prendre des mesures radicales pour instaurer le changement \u00bb, pr\u00e9cise la directrice g\u00e9n\u00e9rale d\u2019Abergower Maroc. \u00ab Notre strat\u00e9gie englobe \u00e9galement l\u2019Europe et l\u2019Afrique. Une partie de notre portefeuille s\u2019y trouve, et donc nous souhaitons cr\u00e9er des filiales en Afrique. C\u2019est tr\u00e8s important pour nous, car nous sommes consult\u00e9s tr\u00e8s souvent et nous souhaitons avoir une pr\u00e9sence sur tout le continent africain \u00bb,<\/em> poursuit-elle.\u00a0<\/p>\n<p><strong>Parcours professionnel\u00a0<\/strong><\/p>\n<p>N\u00e9e \u00e0 Casablanca le 13 ao\u00fbt 1992, Yasmina Benchekroun est l\u2019ain\u00e9e de sa famille. Apr\u00e8s son BAC en Math\u00e9matiques, elle d\u00e9cide de poursuivre ses \u00e9tudes sup\u00e9rieures en informatique de gestion en France. Elle enchaine par la suite avec une sp\u00e9cialisation en Commerce international et en <strong>Management des entreprises<\/strong>. <em>\u00ab Apr\u00e8s mon dipl\u00f4me, j\u2019ai rejoint l\u2019entreprise familiale cr\u00e9\u00e9e par mon p\u00e8re et sp\u00e9cialis\u00e9e dans les solutions informatiques. Je pense que c\u2019est la p\u00e9riode qui m\u2019a permis d\u2019acqu\u00e9rir les bases du monde professionnel. Cette exp\u00e9rience m\u2019a permis d\u2019apprendre beaucoup de choses, telles que la mani\u00e8re de g\u00e9rer ou de r\u00e9agir face aux situations stressantes dans le parcours d\u2019une entreprise<\/em>\u00bb, d\u00e9taille-t-elle. <em>\u00abEtant tr\u00e8s jeune, je me demandais bien pourquoi les gens disaient que c\u2019\u00e9tait tr\u00e8s difficile de cr\u00e9er son propre projet et de le mener \u00e0 bien. Je pensais que c\u2019\u00e9tait tellement facile et qu\u2019avec une bonne id\u00e9e et avec de l\u2019innovation tout se faisait, comme dans un r\u00eave, en un coup de baguette magique. Mais \u00e0 21 ans, j\u2019ai compris qu\u2019il n\u2019y avait pas de baguette magique, mais plut\u00f4t du travail acharn\u00e9. En voyant les tonnes de paperasses, les aller-retours des employ\u00e9s au sein des administrations, les situations de derni\u00e8re minute avec les comptables, l\u00e0 j\u2019ai compris. Je ne sais pas si la chance a quelque chose \u00e0 avoir l\u00e0-dedans, mais si c\u2019est le cas je souhaite \u00e0 tous les entrepreneurs de croiser leurs doigts<\/em> \u00bb, poursuit-elle. Elle d\u00e9cide, de 2014 \u00e0 2015, de rejoindre l\u2019entreprise Young and Rubicam en tant que Marketing executive. <em>\u00ab J\u2019y ai vu un monde d\u2019artistes cr\u00e9ant tous les jours de nouvelles choses dans un monde publicitaire extr\u00eamement comp\u00e9titif. De l\u2019art, des textes amusants \u2026 C\u2019est un monde int\u00e9ressant car il englobe l\u2019aspect corporate, mais aussi tout ce qui est artistique<\/em> \u00bb, d\u00e9taille Yasmina Benchekroun. Apr\u00e8s cette exp\u00e9rience, elle rejoint en 2016 la Chambre de commerce britannique au Maroc en tant que business development executive pour accompagner les entreprises britanniques \u00e0 int\u00e9grer le march\u00e9 marocain. Une exp\u00e9rience qui a beaucoup marqu\u00e9 la jeune directrice g\u00e9n\u00e9rale. Aujourd\u2019hui, Yasmina Benchekroun est totalement focalis\u00e9e sur le d\u00e9veloppement d\u2019Abergower au Maroc et en Afrique dans les ann\u00e9es \u00e0 venir.<\/p>\n<p><strong>Bio express<\/strong><\/p>\n<p><strong>1992<\/strong>\u00a0<br \/>Naissance \u00e0 Casablanca\u00a0<\/p>\n<p><strong>2014\u00a0 \u00a0<br \/><\/strong>Marketing Executive chez l\u2019entreprise Young and Rubicam\u00a0<\/p>\n<p><strong>2016<\/strong><br \/>Business Development Executive \u00e0 la Chambre de commerce britannique au Maroc\u00a0<\/p>\n<p><strong>2018<\/strong><br \/>Directrice g\u00e9n\u00e9rale d\u2019Abergower au Maroc<\/p>\n<div class=\"c17\">\n<fieldset class=\"c16\">\n<legend><strong><span class=\"c11\">Challenge<\/span><span class=\"c12\">news<\/span><\/strong><\/legend>\n<div class=\"c15\">Le meilleur de Challenge s\u00e9lectionn\u00e9 par la r\u00e9daction :<\/p>\n<\/div>\n<\/fieldset>\n<\/div>\n<p>Auteur: Roland Amoussou<br \/>\n<a href=\"https:\/\/www.challenge.ma\/yasmina-benchekroun-prone-la-transformation-digitale-des-entreprises-126759\/\">Cliquez ici pour lire l&rsquo;article depuis sa source.<\/a><\/p>\n","protected":false},"excerpt":{"rendered":"<p>Yasmina Benchekroun, 27 ans, est \u00e0 la t\u00eate de la filiale marocaine d\u2019une multinationale britannique sp\u00e9cialis\u00e9e dans la digitalisation, la d\u00e9mat\u00e9rialisation, et l\u2019archivage num\u00e9rique. Tr\u00e8s dynamique et ambitieuse, elle entend faire d\u2019Abergower Maroc, qu\u2019elle dirige depuis mars 2018, l\u2019alli\u00e9 principal des entreprises marocaines en mati\u00e8re de transformation digitale.\u00a0 A\u00a0seulement 27 ans, elle est d\u00e9j\u00e0 \u00e0 [&hellip;]<\/p>\n","protected":false},"author":1787,"featured_media":0,"comment_status":"closed","ping_status":"closed","sticky":false,"template":"","format":"standard","meta":{"fifu_image_url":"","fifu_image_alt":"","footnotes":""},"categories":[78,54],"tags":[],"class_list":["post-71457","post","type-post","status-publish","format-standard","hentry","category-economie","category-maroc"],"_links":{"self":[{"href":"https:\/\/linitiative.ca\/International\/wp-json\/wp\/v2\/posts\/71457","targetHints":{"allow":["GET"]}}],"collection":[{"href":"https:\/\/linitiative.ca\/International\/wp-json\/wp\/v2\/posts"}],"about":[{"href":"https:\/\/linitiative.ca\/International\/wp-json\/wp\/v2\/types\/post"}],"author":[{"embeddable":true,"href":"https:\/\/linitiative.ca\/International\/wp-json\/wp\/v2\/users\/1787"}],"replies":[{"embeddable":true,"href":"https:\/\/linitiative.ca\/International\/wp-json\/wp\/v2\/comments?post=71457"}],"version-history":[{"count":0,"href":"https:\/\/linitiative.ca\/International\/wp-json\/wp\/v2\/posts\/71457\/revisions"}],"wp:attachment":[{"href":"https:\/\/linitiative.ca\/International\/wp-json\/wp\/v2\/media?parent=71457"}],"wp:term":[{"taxonomy":"category","embeddable":true,"href":"https:\/\/linitiative.ca\/International\/wp-json\/wp\/v2\/categories?post=71457"},{"taxonomy":"post_tag","embeddable":true,"href":"https:\/\/linitiative.ca\/International\/wp-json\/wp\/v2\/tags?post=71457"}],"curies":[{"name":"wp","href":"https:\/\/api.w.org\/{rel}","templated":true}]}}