{"id":71459,"date":"2019-12-27T16:06:41","date_gmt":"2019-12-27T21:06:41","guid":{"rendered":"https:\/\/linitiative.ca\/International\/ligue-des-champions-de-la-caf-le-raja-soffre-une-victoire-face-a-la-js-kabylie\/"},"modified":"2019-12-27T16:06:41","modified_gmt":"2019-12-27T21:06:41","slug":"ligue-des-champions-de-la-caf-le-raja-soffre-une-victoire-face-a-la-js-kabylie","status":"publish","type":"post","link":"https:\/\/linitiative.ca\/International\/ligue-des-champions-de-la-caf-le-raja-soffre-une-victoire-face-a-la-js-kabylie\/","title":{"rendered":"Ligue des champions de la CAF: le Raja s\u2019offre une victoire face \u00e0 la JS Kabylie"},"content":{"rendered":"<p><strong>Ni fatigue, ni lassitude. Le Raja de Casablanca a r\u00e9alis\u00e9 une belle op\u00e9ration en s\u2019imposant ce vendredi face \u00e0 l\u2019\u00e9quipe alg\u00e9rienne, la Jeunesse sportive de Kabylie (2-0) au stade Mohammed V.<\/strong><\/p>\n<div class=\"c10\"\/>\n<p>Il aura fallu attendre la 2\u00e8me mi-temps, plus exactement la 51\u00e8me minute pour voir Ben Malongo inscrire le premier but de la rencontre.<\/p>\n<p>Les Verts, gr\u00e2ce \u00e0 la possession du ballon et aux attaques plac\u00e9es, inscriveront un deuxi\u00e8me but \u00e0 la 53\u00e8me minute gr\u00e2ce \u00e0 Soufiane Rahimi.<\/p>\n<div class=\"wp-block-embed__wrapper\"><iframe loading=\"lazy\" title=\"\u0627\u0644\u0645\u0642\u0627\u0648\u0644 \u0627\u0644\u0630\u0627\u062a\u064a \u0644\u0644\u0628\u0646\u0643 \u0627\u0644\u0634\u0639\u0628\u064a - \u0627\u0644\u0643\u0647\u0631\u0628\u0627\u0626\u064a\" width=\"1140\" height=\"641\" src=\"https:\/\/www.youtube.com\/embed\/3PXkLbmgoT8?feature=oembed\" frameborder=\"0\" allow=\"accelerometer; autoplay; encrypted-media; gyroscope; picture-in-picture\" allowfullscreen=\"\">[embedded content]<\/iframe><\/div>\n<p>Avec ce r\u00e9sultat le Raja est deuxi\u00e8me du groupe D avec 6 points, les alg\u00e9riens 3\u00e8mes avec 3 points. L\u2019Esp\u00e9rance de Tunis pointe, elle, en t\u00eate avec 7 points et l\u2019AS Vita Club (RD Congo) est dernier avec 1 point.<\/p>\n<div class=\"c17\">\n<fieldset class=\"c16\">\n<legend><strong><span class=\"c11\">Challenge<\/span><span class=\"c12\">news<\/span><\/strong><\/legend>\n<div class=\"c15\">Le meilleur de Challenge s\u00e9lectionn\u00e9 par la r\u00e9daction :<\/p>\n<\/div>\n<\/fieldset>\n<\/div>\n<p>Auteur: Hajar DARI<br \/>\n<a href=\"https:\/\/www.challenge.ma\/ligue-des-champions-de-la-caf-le-raja-soffre-une-victoire-face-au-js-kabylie-126827\/\">Cliquez ici pour lire l&rsquo;article depuis sa source.<\/a><\/p>\n","protected":false},"excerpt":{"rendered":"<p>Ni fatigue, ni lassitude. Le Raja de Casablanca a r\u00e9alis\u00e9 une belle op\u00e9ration en s\u2019imposant ce vendredi face \u00e0 l\u2019\u00e9quipe alg\u00e9rienne, la Jeunesse sportive de Kabylie (2-0) au stade Mohammed V. Il aura fallu attendre la 2\u00e8me mi-temps, plus exactement la 51\u00e8me minute pour voir Ben Malongo inscrire le premier but de la rencontre. Les [&hellip;]<\/p>\n","protected":false},"author":1787,"featured_media":0,"comment_status":"closed","ping_status":"closed","sticky":false,"template":"","format":"standard","meta":{"fifu_image_url":"","fifu_image_alt":"","footnotes":""},"categories":[78,54],"tags":[],"class_list":["post-71459","post","type-post","status-publish","format-standard","hentry","category-economie","category-maroc"],"_links":{"self":[{"href":"https:\/\/linitiative.ca\/International\/wp-json\/wp\/v2\/posts\/71459","targetHints":{"allow":["GET"]}}],"collection":[{"href":"https:\/\/linitiative.ca\/International\/wp-json\/wp\/v2\/posts"}],"about":[{"href":"https:\/\/linitiative.ca\/International\/wp-json\/wp\/v2\/types\/post"}],"author":[{"embeddable":true,"href":"https:\/\/linitiative.ca\/International\/wp-json\/wp\/v2\/users\/1787"}],"replies":[{"embeddable":true,"href":"https:\/\/linitiative.ca\/International\/wp-json\/wp\/v2\/comments?post=71459"}],"version-history":[{"count":0,"href":"https:\/\/linitiative.ca\/International\/wp-json\/wp\/v2\/posts\/71459\/revisions"}],"wp:attachment":[{"href":"https:\/\/linitiative.ca\/International\/wp-json\/wp\/v2\/media?parent=71459"}],"wp:term":[{"taxonomy":"category","embeddable":true,"href":"https:\/\/linitiative.ca\/International\/wp-json\/wp\/v2\/categories?post=71459"},{"taxonomy":"post_tag","embeddable":true,"href":"https:\/\/linitiative.ca\/International\/wp-json\/wp\/v2\/tags?post=71459"}],"curies":[{"name":"wp","href":"https:\/\/api.w.org\/{rel}","templated":true}]}}