{"id":71464,"date":"2019-12-27T15:57:46","date_gmt":"2019-12-27T20:57:46","guid":{"rendered":"https:\/\/linitiative.ca\/International\/tunisie-que-veut-dire-lexcuse-trouvee-par-jemli-pour-justifier-le-report-de-la-presentation-de-la-liste-gouvernementale\/"},"modified":"2019-12-27T15:57:46","modified_gmt":"2019-12-27T20:57:46","slug":"tunisie-que-veut-dire-lexcuse-trouvee-par-jemli-pour-justifier-le-report-de-la-presentation-de-la-liste-gouvernementale","status":"publish","type":"post","link":"https:\/\/linitiative.ca\/International\/tunisie-que-veut-dire-lexcuse-trouvee-par-jemli-pour-justifier-le-report-de-la-presentation-de-la-liste-gouvernementale\/","title":{"rendered":"Tunisie \u2013 Que veut dire l\u2019excuse trouv\u00e9e par Jemli pour justifier le report de la pr\u00e9sentation de la liste gouvernementale\u00a0?"},"content":{"rendered":"<div class=\"post-cont-in left relative\">\n<p>Le chef du gouvernement charg\u00e9, <a href=\"https:\/\/www.tunisienumerique.com\/tunisie-actualite\/habib-jemli\/\" title=\"Habib Jemli\" target=\"_top\" class=\"auto-link\" rel=\"noopener noreferrer\">Habib Jemli<\/a>, a annonc\u00e9, suite \u00e0 son entrevue avec le pr\u00e9sident <a href=\"https:\/\/www.tunisienumerique.com\/tunisie-actualite\/kais-saied\/\" title=\"Ka\u00efs Sa\u00efed\" target=\"_top\" class=\"auto-link\" rel=\"noopener noreferrer\">Ka\u00efs Sa\u00efed<\/a>, que l\u2019annonce de la liste des noms des membres du nouveau gouvernement a \u00e9t\u00e9 report\u00e9e. Et ce, suite \u00e0 la demande faite par le pr\u00e9sident Ka\u00efs Sa\u00efed, qui aurait fait remarquer \u00e0 Habib Jemli que, contrairement \u00e0 ce qui avait \u00e9t\u00e9 promis, en rapport avec la constitution d\u2019un gouvernement qui ne comporte aucune personne relevant de pr\u00e8s ou de loin, d\u2019un quelconque parti politique, Il voyait beaucoup de noms de personnalit\u00e9s dont l\u2019appartenance \u00e0 certains partis politique ne fait aucun doute.<\/p>\n<div class=\"code-block code-block-1 c3\"><ins class=\"adsbygoogle c2\" data-ad-layout=\"in-article\" data-ad-format=\"fluid\" data-ad-client=\"ca-pub-2102118777505746\" data-ad-slot=\"7301775417\"\/> <\/div>\n<p>Ce qui a pouss\u00e9 Jemli \u00e0 lever la s\u00e9ance afin, a-t-il assur\u00e9, de revoir sa copie, et v\u00e9rifier l\u2019ind\u00e9pendance de tous ses membres par rapport aux partis politiques.<\/p>\n<p>Et pour reprendre les termes exacts utilis\u00e9s par Habib Jemli, il a dit qu\u2019il allait revoir tous les \u00ab\u00a0dossiers de ceux qui ont d\u00e9pos\u00e9 leur candidature\u00a0\u00bb dont il a propos\u00e9 la liste au pr\u00e9sident\u00a0!<\/p>\n<p>C\u2019est-\u00e0-dire qu\u2019il a reconnu, que ce n\u2019est pas lui qui a pr\u00e9par\u00e9 cette liste, puisqu\u2019il parle de candidats, et non pas de noms \u00e9tudi\u00e9s et retenus par lui. Et il a reconnu que son r\u00f4le s\u2019est limit\u00e9 \u00e0 celui d\u2019un facteur qui a pris livraison d\u2019une enveloppe, avec ordre de la transmettre \u00e0 son destinataire.<\/p>\n<p>Donc, au total, nous sommes en pr\u00e9sence d\u2019un chef de gouvernement charg\u00e9 qui a perdu un mois sans r\u00e9ussir \u00e0 remplir sa mission de former le gouvernement. Puis, il a pass\u00e9 plus de dix jours suppl\u00e9mentaires, sans aucune avance dans son travail. Ce qui l\u2019a pouss\u00e9 \u00e0 pr\u00e9senter une liste de gens qu\u2019il reconnait qu\u2019il ne connait que superficiellement et dont il n\u2019a pas eu le temps d\u2019\u00e9tudier les dossiers. Ce qui laisse comprendre qu\u2019il a re\u00e7u cette liste de la part de ses donneurs d\u2019ordres.<\/p>\n<p>Ce qui suscite une question primordiale\u00a0: A savoir si on est en pr\u00e9sence de la personne et de la \u00ab\u00a0comp\u00e9tence\u00a0\u00bb qu\u2019il faut pour la circonstance\u00a0?<\/p>\n<div class=\"swp_social_panel swp_horizontal_panel swp_flat_fresh swp_default_full_color swp_individual_full_color swp_other_full_color scale-100 scale-\" data-min-width=\"1100\" data-float-color=\"#ffffff\" data-float=\"bottom\" data-float-mobile=\"bottom\" data-transition=\"slide\">\n<div class=\"nc_tweetContainer swp_share_button total_shares total_sharesalt\"><span class=\"swp_count\">21 <span class=\"swp_label\">Partages<\/span><\/span><\/div>\n<\/div>\n<p><strong>Que se passe-t-il en Tunisie?<\/strong><br \/>Nous expliquons sur notre <a href=\"https:\/\/www.youtube.com\/channel\/UCRzypVq0B_yBad5eGrwBx0Q?sub_confirmation=1\" target=\"_blank\" rel=\"noopener noreferrer\">cha\u00eene YouTube<\/a> . <a href=\"https:\/\/www.youtube.com\/channel\/UCRzypVq0B_yBad5eGrwBx0Q?sub_confirmation=1\" target=\"_blank\" rel=\"noopener noreferrer\">Abonnez-vous!<\/a><\/p>\n<div class=\"mvp-org-wrap mvp-org-logo\" itemprop=\"publisher\" itemscope=\"\" itemtype=\"https:\/\/schema.org\/Organization\"><img decoding=\"async\" src=\"https:\/\/www.tunisienumerique.com\/wp-content\/uploads\/2017\/02\/logo_tunisie_numerique.png\"\/><\/div>\n<div class=\"mvp-related-posts left relative\">\n<h4 class=\"post-header\"><span class=\"post-header\">Lire aussi<\/span><\/h4>\n<\/div>\n<\/div>\n<p>Auteur: Saber .<br \/>\n<a href=\"https:\/\/www.tunisienumerique.com\/tunisie-que-veut-dire-lexcuse-trouvee-par-jemli-pour-justifier-le-report-de-la-presentation-de-la-liste-gouvernementale\/\">Cliquez ici pour lire l&rsquo;article depuis sa source.<\/a><\/p>\n","protected":false},"excerpt":{"rendered":"<p>Le chef du gouvernement charg\u00e9, Habib Jemli, a annonc\u00e9, suite \u00e0 son entrevue avec le pr\u00e9sident Ka\u00efs Sa\u00efed, que l\u2019annonce de la liste des noms des membres du nouveau gouvernement a \u00e9t\u00e9 report\u00e9e. Et ce, suite \u00e0 la demande faite par le pr\u00e9sident Ka\u00efs Sa\u00efed, qui aurait fait remarquer \u00e0 Habib Jemli que, contrairement \u00e0 [&hellip;]<\/p>\n","protected":false},"author":1789,"featured_media":71465,"comment_status":"closed","ping_status":"closed","sticky":false,"template":"","format":"standard","meta":{"fifu_image_url":"","fifu_image_alt":"","footnotes":""},"categories":[73,55],"tags":[],"class_list":["post-71464","post","type-post","status-publish","format-standard","has-post-thumbnail","hentry","category-actualite","category-tunisie"],"_links":{"self":[{"href":"https:\/\/linitiative.ca\/International\/wp-json\/wp\/v2\/posts\/71464","targetHints":{"allow":["GET"]}}],"collection":[{"href":"https:\/\/linitiative.ca\/International\/wp-json\/wp\/v2\/posts"}],"about":[{"href":"https:\/\/linitiative.ca\/International\/wp-json\/wp\/v2\/types\/post"}],"author":[{"embeddable":true,"href":"https:\/\/linitiative.ca\/International\/wp-json\/wp\/v2\/users\/1789"}],"replies":[{"embeddable":true,"href":"https:\/\/linitiative.ca\/International\/wp-json\/wp\/v2\/comments?post=71464"}],"version-history":[{"count":0,"href":"https:\/\/linitiative.ca\/International\/wp-json\/wp\/v2\/posts\/71464\/revisions"}],"wp:featuredmedia":[{"embeddable":true,"href":"https:\/\/linitiative.ca\/International\/wp-json\/"}],"wp:attachment":[{"href":"https:\/\/linitiative.ca\/International\/wp-json\/wp\/v2\/media?parent=71464"}],"wp:term":[{"taxonomy":"category","embeddable":true,"href":"https:\/\/linitiative.ca\/International\/wp-json\/wp\/v2\/categories?post=71464"},{"taxonomy":"post_tag","embeddable":true,"href":"https:\/\/linitiative.ca\/International\/wp-json\/wp\/v2\/tags?post=71464"}],"curies":[{"name":"wp","href":"https:\/\/api.w.org\/{rel}","templated":true}]}}