{"id":71466,"date":"2019-12-27T16:18:19","date_gmt":"2019-12-27T21:18:19","guid":{"rendered":"https:\/\/linitiative.ca\/International\/derniere-minute-fayez-sarraj-aurait-fuit-tripoli-vers-londres-en-compagnie-des-chefs-des-milices-armees\/"},"modified":"2019-12-27T16:18:19","modified_gmt":"2019-12-27T21:18:19","slug":"derniere-minute-fayez-sarraj-aurait-fuit-tripoli-vers-londres-en-compagnie-des-chefs-des-milices-armees","status":"publish","type":"post","link":"https:\/\/linitiative.ca\/International\/derniere-minute-fayez-sarraj-aurait-fuit-tripoli-vers-londres-en-compagnie-des-chefs-des-milices-armees\/","title":{"rendered":"DERNIERE MINUTE\u00a0: Fayez Sarraj aurait fuit Tripoli vers Londres en compagnie des chefs des milices arm\u00e9es"},"content":{"rendered":"<div class=\"post-cont-in left relative\">\n<p>Le centre de communication de l\u2019arm\u00e9e libyenne a annonc\u00e9 ce vendredi soir, que Fayez Sarraj aurait fui Tripoli, suite \u00e0 l\u2019avance des troupes de Haftar vers le centre de la Capitale.<\/p>\n<div class=\"code-block code-block-1 c3\"><ins class=\"adsbygoogle c2\" data-ad-layout=\"in-article\" data-ad-format=\"fluid\" data-ad-client=\"ca-pub-2102118777505746\" data-ad-slot=\"7301775417\"\/> <\/div>\n<p>Le centre de communication a annonc\u00e9 qu\u2019il avait rep\u00e9r\u00e9 le d\u00e9collage de plusieurs avions, ce vendredi matin de l\u2019a\u00e9roport de Ma\u00eetiga, sous contr\u00f4le des milices de Tripoli. Parmi ces avions, le communiqu\u00e9 pr\u00e9cise qu\u2019il y avait un appareil portant l\u2019immatriculation LAA001, qui s\u2019est envol\u00e9 vers Londres, avec \u00e0 son bord, Fayez Sarraj accompagn\u00e9 des principaux chefs de guerre des milices arm\u00e9es de la r\u00e9gion de Tripoli.<\/p>\n<p>Le communiqu\u00e9 ajoute que Sarraj, ainsi que les chefs des milices ont fui \u00e0 l\u2019\u00e9tranger laissant les jeunes qu\u2019ils avaient embrigad\u00e9, affronter leur sort, face aux soldats de Haftar.<\/p>\n<p><img loading=\"lazy\" decoding=\"async\" class=\"aligncenter size-full wp-image-485162\" src=\"https:\/\/www.tunisienumerique.com\/wp-content\/uploads\/2019\/12\/fuite.jpg\" alt=\"\" width=\"556\" height=\"240\"\/><\/p>\n<div class=\"swp_social_panel swp_horizontal_panel swp_flat_fresh swp_default_full_color swp_individual_full_color swp_other_full_color scale-100 scale-\" data-min-width=\"1100\" data-float-color=\"#ffffff\" data-float=\"bottom\" data-float-mobile=\"bottom\" data-transition=\"slide\">\n<div class=\"nc_tweetContainer swp_share_button total_shares total_sharesalt\"><span class=\"swp_count\">422 <span class=\"swp_label\">Partages<\/span><\/span><\/div>\n<\/div>\n<p><strong>Que se passe-t-il en Tunisie?<\/strong><br \/>Nous expliquons sur notre <a href=\"https:\/\/www.youtube.com\/channel\/UCRzypVq0B_yBad5eGrwBx0Q?sub_confirmation=1\" target=\"_blank\" rel=\"noopener noreferrer\">cha\u00eene YouTube<\/a> . <a href=\"https:\/\/www.youtube.com\/channel\/UCRzypVq0B_yBad5eGrwBx0Q?sub_confirmation=1\" target=\"_blank\" rel=\"noopener noreferrer\">Abonnez-vous!<\/a><\/p>\n<div class=\"mvp-org-wrap mvp-org-logo\" itemprop=\"publisher\" itemscope=\"\" itemtype=\"https:\/\/schema.org\/Organization\"><img decoding=\"async\" src=\"https:\/\/www.tunisienumerique.com\/wp-content\/uploads\/2017\/02\/logo_tunisie_numerique.png\"\/><\/div>\n<div class=\"mvp-related-posts left relative\">\n<h4 class=\"post-header\"><span class=\"post-header\">Lire aussi<\/span><\/h4>\n<\/div>\n<\/div>\n<p>Auteur: LM<br \/>\n<a href=\"https:\/\/www.tunisienumerique.com\/derniere-minute-fayez-sarraj-aurait-fuit-tripoli-vers-londres-en-compagnie-des-chefs-des-milices-armees\/\">Cliquez ici pour lire l&rsquo;article depuis sa source.<\/a><\/p>\n","protected":false},"excerpt":{"rendered":"<p>Le centre de communication de l\u2019arm\u00e9e libyenne a annonc\u00e9 ce vendredi soir, que Fayez Sarraj aurait fui Tripoli, suite \u00e0 l\u2019avance des troupes de Haftar vers le centre de la Capitale. Le centre de communication a annonc\u00e9 qu\u2019il avait rep\u00e9r\u00e9 le d\u00e9collage de plusieurs avions, ce vendredi matin de l\u2019a\u00e9roport de Ma\u00eetiga, sous contr\u00f4le des [&hellip;]<\/p>\n","protected":false},"author":1789,"featured_media":71467,"comment_status":"closed","ping_status":"closed","sticky":false,"template":"","format":"standard","meta":{"fifu_image_url":"","fifu_image_alt":"","footnotes":""},"categories":[73,55],"tags":[],"class_list":["post-71466","post","type-post","status-publish","format-standard","has-post-thumbnail","hentry","category-actualite","category-tunisie"],"_links":{"self":[{"href":"https:\/\/linitiative.ca\/International\/wp-json\/wp\/v2\/posts\/71466","targetHints":{"allow":["GET"]}}],"collection":[{"href":"https:\/\/linitiative.ca\/International\/wp-json\/wp\/v2\/posts"}],"about":[{"href":"https:\/\/linitiative.ca\/International\/wp-json\/wp\/v2\/types\/post"}],"author":[{"embeddable":true,"href":"https:\/\/linitiative.ca\/International\/wp-json\/wp\/v2\/users\/1789"}],"replies":[{"embeddable":true,"href":"https:\/\/linitiative.ca\/International\/wp-json\/wp\/v2\/comments?post=71466"}],"version-history":[{"count":0,"href":"https:\/\/linitiative.ca\/International\/wp-json\/wp\/v2\/posts\/71466\/revisions"}],"wp:featuredmedia":[{"embeddable":true,"href":"https:\/\/linitiative.ca\/International\/wp-json\/"}],"wp:attachment":[{"href":"https:\/\/linitiative.ca\/International\/wp-json\/wp\/v2\/media?parent=71466"}],"wp:term":[{"taxonomy":"category","embeddable":true,"href":"https:\/\/linitiative.ca\/International\/wp-json\/wp\/v2\/categories?post=71466"},{"taxonomy":"post_tag","embeddable":true,"href":"https:\/\/linitiative.ca\/International\/wp-json\/wp\/v2\/tags?post=71466"}],"curies":[{"name":"wp","href":"https:\/\/api.w.org\/{rel}","templated":true}]}}