{"id":71468,"date":"2019-12-27T16:28:52","date_gmt":"2019-12-27T21:28:52","guid":{"rendered":"https:\/\/linitiative.ca\/International\/tunisie-kebili-arrestation-dun-element-terroriste-condamne-a-30-ans-de-prison\/"},"modified":"2019-12-27T16:28:52","modified_gmt":"2019-12-27T21:28:52","slug":"tunisie-kebili-arrestation-dun-element-terroriste-condamne-a-30-ans-de-prison","status":"publish","type":"post","link":"https:\/\/linitiative.ca\/International\/tunisie-kebili-arrestation-dun-element-terroriste-condamne-a-30-ans-de-prison\/","title":{"rendered":"Tunisie \u2013 Kebili\u00a0: Arrestation d\u2019un \u00e9l\u00e9ment terroriste condamn\u00e9 \u00e0 30 ans de prison"},"content":{"rendered":"<div class=\"post-cont-in left relative\">\n<p>Les agents de la brigade r\u00e9gionale de lutte contre le terrorisme \u00e0 Kebili, ont r\u00e9ussi, ce vendredi soir, \u00e0 arr\u00eater un individu recherch\u00e9 dans des affaires de terrorisme, et condamn\u00e9 \u00e0 30 ans de prison, pour appartenance \u00e0 une organisation terroriste.<\/p>\n<div class=\"code-block code-block-1 c3\"><ins class=\"adsbygoogle c2\" data-ad-layout=\"in-article\" data-ad-format=\"fluid\" data-ad-client=\"ca-pub-2102118777505746\" data-ad-slot=\"7301775417\"\/> <\/div>\n<p>L\u2019individu en question a \u00e9t\u00e9 d\u00e9f\u00e9r\u00e9 devant les regards de la direction centrale de lutte contre le terrorisme, \u00e0 Tunis.<\/p>\n<div class=\"swp_social_panel swp_horizontal_panel swp_flat_fresh swp_default_full_color swp_individual_full_color swp_other_full_color scale-100 scale-\" data-min-width=\"1100\" data-float-color=\"#ffffff\" data-float=\"bottom\" data-float-mobile=\"bottom\" data-transition=\"slide\">\n<div class=\"nc_tweetContainer swp_share_button total_shares total_sharesalt\"><span class=\"swp_count\">4 <span class=\"swp_label\">Partages<\/span><\/span><\/div>\n<\/div>\n<p><strong>Que se passe-t-il en Tunisie?<\/strong><br \/>Nous expliquons sur notre <a href=\"https:\/\/www.youtube.com\/channel\/UCRzypVq0B_yBad5eGrwBx0Q?sub_confirmation=1\" target=\"_blank\" rel=\"noopener noreferrer\">cha\u00eene YouTube<\/a> . <a href=\"https:\/\/www.youtube.com\/channel\/UCRzypVq0B_yBad5eGrwBx0Q?sub_confirmation=1\" target=\"_blank\" rel=\"noopener noreferrer\">Abonnez-vous!<\/a><\/p>\n<div class=\"mvp-org-wrap mvp-org-logo\" itemprop=\"publisher\" itemscope=\"\" itemtype=\"https:\/\/schema.org\/Organization\"><img decoding=\"async\" src=\"https:\/\/www.tunisienumerique.com\/wp-content\/uploads\/2017\/02\/logo_tunisie_numerique.png\"\/><\/div>\n<div class=\"mvp-related-posts left relative\">\n<h4 class=\"post-header\"><span class=\"post-header\">Lire aussi<\/span><\/h4>\n<\/div>\n<\/div>\n<p>Auteur: LM<br \/>\n<a href=\"https:\/\/www.tunisienumerique.com\/tunisie-kebili-arrestation-dun-element-terroriste-condamne-a-30-ans-de-prison\/\">Cliquez ici pour lire l&rsquo;article depuis sa source.<\/a><\/p>\n","protected":false},"excerpt":{"rendered":"<p>Les agents de la brigade r\u00e9gionale de lutte contre le terrorisme \u00e0 Kebili, ont r\u00e9ussi, ce vendredi soir, \u00e0 arr\u00eater un individu recherch\u00e9 dans des affaires de terrorisme, et condamn\u00e9 \u00e0 30 ans de prison, pour appartenance \u00e0 une organisation terroriste. L\u2019individu en question a \u00e9t\u00e9 d\u00e9f\u00e9r\u00e9 devant les regards de la direction centrale de [&hellip;]<\/p>\n","protected":false},"author":1789,"featured_media":71469,"comment_status":"closed","ping_status":"closed","sticky":false,"template":"","format":"standard","meta":{"fifu_image_url":"","fifu_image_alt":"","footnotes":""},"categories":[73,55],"tags":[],"class_list":["post-71468","post","type-post","status-publish","format-standard","has-post-thumbnail","hentry","category-actualite","category-tunisie"],"_links":{"self":[{"href":"https:\/\/linitiative.ca\/International\/wp-json\/wp\/v2\/posts\/71468","targetHints":{"allow":["GET"]}}],"collection":[{"href":"https:\/\/linitiative.ca\/International\/wp-json\/wp\/v2\/posts"}],"about":[{"href":"https:\/\/linitiative.ca\/International\/wp-json\/wp\/v2\/types\/post"}],"author":[{"embeddable":true,"href":"https:\/\/linitiative.ca\/International\/wp-json\/wp\/v2\/users\/1789"}],"replies":[{"embeddable":true,"href":"https:\/\/linitiative.ca\/International\/wp-json\/wp\/v2\/comments?post=71468"}],"version-history":[{"count":0,"href":"https:\/\/linitiative.ca\/International\/wp-json\/wp\/v2\/posts\/71468\/revisions"}],"wp:featuredmedia":[{"embeddable":true,"href":"https:\/\/linitiative.ca\/International\/wp-json\/"}],"wp:attachment":[{"href":"https:\/\/linitiative.ca\/International\/wp-json\/wp\/v2\/media?parent=71468"}],"wp:term":[{"taxonomy":"category","embeddable":true,"href":"https:\/\/linitiative.ca\/International\/wp-json\/wp\/v2\/categories?post=71468"},{"taxonomy":"post_tag","embeddable":true,"href":"https:\/\/linitiative.ca\/International\/wp-json\/wp\/v2\/tags?post=71468"}],"curies":[{"name":"wp","href":"https:\/\/api.w.org\/{rel}","templated":true}]}}