{"id":71472,"date":"2019-12-27T09:06:55","date_gmt":"2019-12-27T14:06:55","guid":{"rendered":"https:\/\/linitiative.ca\/International\/attaque-darbinda-la-bravoure-de-nos-soldats-restera-a-jamais-gravee-dans-nos-memoires\/"},"modified":"2019-12-27T09:06:55","modified_gmt":"2019-12-27T14:06:55","slug":"attaque-darbinda-la-bravoure-de-nos-soldats-restera-a-jamais-gravee-dans-nos-memoires","status":"publish","type":"post","link":"https:\/\/linitiative.ca\/International\/attaque-darbinda-la-bravoure-de-nos-soldats-restera-a-jamais-gravee-dans-nos-memoires\/","title":{"rendered":"Attaque d\u2019Arbinda\u00a0: la bravoure de nos soldats restera \u00e0 jamais grav\u00e9e dans nos m\u00e9moires"},"content":{"rendered":"<div class=\"td-post-featured-image\" readability=\"39\"><a href=\"https:\/\/i0.wp.com\/www.sidwaya.info\/wp-content\/uploads\/2019\/11\/1-70.jpg?fit=729%2C472&#038;ssl=1\" data-caption=\"Soldiers from Burkina Faso take part in a training with Austrian army instructors at the Kamboinse - General Bila Zagre military camp near Ouagadougo in Burkina Faso on April 13, 2018. - Some 1,500 African, American and European troops began maneuvers in Burkina Faso, western and northern Niger on April 12 to exercise against the terrorist threats hovering over these regions. (Photo by ISSOUF SANOGO \/ AFP)\"><img loading=\"lazy\" decoding=\"async\" width=\"696\" height=\"451\" class=\"entry-thumb td-modal-image\" src=\"https:\/\/i0.wp.com\/www.sidwaya.info\/wp-content\/uploads\/2019\/11\/1-70.jpg?resize=696%2C451&#038;ssl=1\" srcset=\"https:\/\/i0.wp.com\/www.sidwaya.info\/wp-content\/uploads\/2019\/11\/1-70.jpg?w=729&#038;ssl=1 729w, https:\/\/i0.wp.com\/www.sidwaya.info\/wp-content\/uploads\/2019\/11\/1-70.jpg?resize=300%2C194&#038;ssl=1 300w, https:\/\/i0.wp.com\/www.sidwaya.info\/wp-content\/uploads\/2019\/11\/1-70.jpg?resize=696%2C451&#038;ssl=1 696w, https:\/\/i0.wp.com\/www.sidwaya.info\/wp-content\/uploads\/2019\/11\/1-70.jpg?resize=649%2C420&#038;ssl=1 649w\" sizes=\"auto, (max-width: 696px) 100vw, 696px\" alt=\"\" title=\"1\"\/><\/a>Soldiers from Burkina Faso take part in a training with Austrian army instructors at the Kamboinse &#8211; General Bila Zagre military camp near Ouagadougo in Burkina Faso on April 13, 2018. &#8211; Some 1,500 African, American and European troops began maneuvers in Burkina Faso, western and northern Niger on April 12 to exercise against the terrorist threats hovering over these regions. (Photo by ISSOUF SANOGO \/ AFP)<\/div>\n<p>C\u2019est avec une tr\u00e8s grande tristesse et consternation que j\u2019ai appris par un communiqu\u00e9 de l\u2019\u00e9tat major des arm\u00e9es du 24 d\u00e9cembre 2019, l\u2019attaque d\u2019un d\u00e9tachement militaire et des populations de Arbinda dans le Soum, faisant 07 morts de nos FDS, une vingtaine de \u00a0bless\u00e9s et des dizaines de morts c\u00f4t\u00e9 civils.\u00a0 Ce jour 25 d\u00e9cembre, nos soldats sont tomb\u00e9s dans une embuscade et ont enregistr\u00e9 11 morts de nos braves soldats.<\/p>\n<p>En cette douloureuse circonstance, je voudrais au nom de l\u2019ensemble des militantes, des militants et\u00a0 des sympathisants du Congr\u00e8s pour la D\u00e9mocratie et le Progr\u00e8s (CDP) et \u00e0 mon nom personnel, pr\u00e9senter au peuple burkinab\u00e8, mes condol\u00e9ances attrist\u00e9es et ma compassion \u00e9mue. J\u2019ai un v\u0153ux pieux pour le prompt r\u00e9tablissement des bless\u00e9s.<\/p>\n<div class=\"td-a-rec td-a-rec-id-content_inline tdi_30_855 td_block_template_1\"><a href=\"https:\/\/www.sidwaya.info\/wp-content\/uploads\/2019\/12\/Bandeau-11-De%CC%81cembre-3.jpg\"><img loading=\"lazy\" decoding=\"async\" src=\"https:\/\/www.sidwaya.info\/wp-content\/uploads\/2019\/12\/Bandeau-11-De%CC%81cembre-3.jpg\" alt=\"\" width=\"720\" height=\"90\" class=\"aligncenter size-full wp-image-17180\"\/><\/a><\/div>\n<p>C\u2019est le lieu pour nous de f\u00e9liciter et de saluer le courage de ses braves soldats qui sont tomb\u00e9s les armes \u00e0 la main en menant un \u00e2pre combat contre les forces n\u00e9buleuses. Ils ont refus\u00e9 de c\u00e9der face \u00e0 la pression de l\u2019ennemi en neutralisant 80 des leurs et de r\u00e9cup\u00e9rer une centaine de moto, de l\u2019armement et des munitions d\u2019une importante quantit\u00e9. La bravoure de nos soldats restera \u00e0 jamais grav\u00e9e dans nos m\u00e9moires.<\/p>\n<p>Nous devons nous\u00a0 convaincre que cette situation est une grave menace qui concerne nos Etats et appelle \u00e0 une r\u00e9elle prise de conscience et un sursaut de tous les fils et filles du Burkina Faso et de l\u2019Afrique de l\u2019Ouest.<\/p>\n<p>C\u2019est pourquoi nous invitons les chefs de gouvernements de nos pays, \u00e0 redoubler dans un effort conjoint de nos arm\u00e9es pour lutter et vaincre d\u00e9finitivement le terrorisme qui endeuille chaque jour nos populations.<\/p>\n<p>Ensemble, nos Etats seront plus forts et nous viendrons \u00e0 bout des ennemis de nos peuples.<\/p>\n<p class=\"c1\"><strong>D\u00e9mocratie-Progr\u00e8s-Justice<\/strong><\/p>\n<p class=\"c1\"><strong>\u00a0<\/strong><\/p>\n<p class=\"c1\">Ouagadougou, le\u00a0<strong>25 d\u00e9cembre 2019<\/strong><\/p>\n<p class=\"c1\"><strong>Pour le Bureau Politique National,<\/strong><\/p>\n<p class=\"c1\"><strong>\u00a0\u00a0\u00a0\u00a0\u00a0\u00a0\u00a0\u00a0\u00a0\u00a0\u00a0\u00a0\u00a0\u00a0\u00a0\u00a0\u00a0\u00a0\u00a0\u00a0<\/strong><strong>Le Pr\u00e9sident<\/strong><\/p>\n<p class=\"c1\"><strong>\u00a0\u00a0\u00a0\u00a0\u00a0\u00a0\u00a0\u00a0\u00a0\u00a0\u00a0\u00a0\u00a0\u00a0\u00a0\u00a0\u00a0\u00a0\u00a0\u00a0\u00a0\u00a0\u00a0\u00a0\u00a0\u00a0\u00a0\u00a0\u00a0\u00a0\u00a0\u00a0\u00a0\u00a0\u00a0\u00a0\u00a0\u00a0\u00a0\u00a0\u00a0\u00a0\u00a0\u00a0\u00a0\u00a0\u00a0\u00a0\u00a0\u00a0\u00a0\u00a0\u00a0\u00a0\u00a0\u00a0\u00a0\u00a0\u00a0\u00a0\u00a0\u00a0\u00a0\u00a0\u00a0\u00a0\u00a0 \u00a0\u00a0\u00a0Eddie KOMBOIGO<\/strong><\/p>\n<div class=\"td-a-rec td-a-rec-id-content_bottom tdi_31_686 td_block_template_1\"><img loading=\"lazy\" decoding=\"async\" class=\"aligncenter size-full wp-image-9623\" src=\"https:\/\/www.sidwaya.info\/wp-content\/uploads\/2019\/06\/Projet-bannie%CC%80re-Orange-mobile.jpg\" alt=\"\" width=\"728\" height=\"81\"\/><\/div>\n<p>Auteur: BS. Sidwaya<br \/>\n<a href=\"https:\/\/www.sidwaya.info\/blog\/2019\/12\/27\/attaque-darbinda-la-bravoure-de-nos-soldats-restera-a-jamais-gravee-dans-nos-memoires\/\">Cliquez ici pour lire l&rsquo;article depuis sa source.<\/a><\/p>\n","protected":false},"excerpt":{"rendered":"<p>Soldiers from Burkina Faso take part in a training with Austrian army instructors at the Kamboinse &#8211; General Bila Zagre military camp near Ouagadougo in Burkina Faso on April 13, 2018. &#8211; Some 1,500 African, American and European troops began maneuvers in Burkina Faso, western and northern Niger on April 12 to exercise against the [&hellip;]<\/p>\n","protected":false},"author":1816,"featured_media":0,"comment_status":"closed","ping_status":"closed","sticky":false,"template":"","format":"standard","meta":{"fifu_image_url":"","fifu_image_alt":"","footnotes":""},"categories":[73,81],"tags":[],"class_list":["post-71472","post","type-post","status-publish","format-standard","hentry","category-actualite","category-burkina-faso"],"_links":{"self":[{"href":"https:\/\/linitiative.ca\/International\/wp-json\/wp\/v2\/posts\/71472","targetHints":{"allow":["GET"]}}],"collection":[{"href":"https:\/\/linitiative.ca\/International\/wp-json\/wp\/v2\/posts"}],"about":[{"href":"https:\/\/linitiative.ca\/International\/wp-json\/wp\/v2\/types\/post"}],"author":[{"embeddable":true,"href":"https:\/\/linitiative.ca\/International\/wp-json\/wp\/v2\/users\/1816"}],"replies":[{"embeddable":true,"href":"https:\/\/linitiative.ca\/International\/wp-json\/wp\/v2\/comments?post=71472"}],"version-history":[{"count":0,"href":"https:\/\/linitiative.ca\/International\/wp-json\/wp\/v2\/posts\/71472\/revisions"}],"wp:attachment":[{"href":"https:\/\/linitiative.ca\/International\/wp-json\/wp\/v2\/media?parent=71472"}],"wp:term":[{"taxonomy":"category","embeddable":true,"href":"https:\/\/linitiative.ca\/International\/wp-json\/wp\/v2\/categories?post=71472"},{"taxonomy":"post_tag","embeddable":true,"href":"https:\/\/linitiative.ca\/International\/wp-json\/wp\/v2\/tags?post=71472"}],"curies":[{"name":"wp","href":"https:\/\/api.w.org\/{rel}","templated":true}]}}