{"id":71477,"date":"2019-12-27T15:50:03","date_gmt":"2019-12-27T20:50:03","guid":{"rendered":"https:\/\/linitiative.ca\/International\/burkina-letat-islamique-revendique-lattaque-de-la-base-militaire-darbinda\/"},"modified":"2019-12-27T15:50:03","modified_gmt":"2019-12-27T20:50:03","slug":"burkina-letat-islamique-revendique-lattaque-de-la-base-militaire-darbinda","status":"publish","type":"post","link":"https:\/\/linitiative.ca\/International\/burkina-letat-islamique-revendique-lattaque-de-la-base-militaire-darbinda\/","title":{"rendered":"Burkina : l\u2019Etat islamique revendique l\u2019attaque de la base militaire d\u2019Arbinda"},"content":{"rendered":"<div readability=\"32\">\n<p>Publi\u00e9 le 27.12.2019 \u00e0 21h50 par AFP<\/p>\n<\/div>\n<div readability=\"113\">\n<p>Le groupe Etat islamique en Afrique de l\u2019Ouest (ISWAP) a revendiqu\u00e9 vendredi l\u2019attaque de la base militaire d\u2019Arbinda au Burkina Faso, dans laquelle sept militaires ont \u00e9t\u00e9 tu\u00e9s mardi, selon SITE Intelligence, un organisme am\u00e9ricain de surveillance des mouvements extr\u00e9mistes.<\/p>\n<p>L\u2019ISWAP n\u2019a pas revendiqu\u00e9 en revanche la mort des 35 civils, dont 31 femmes, \u00e9galement tu\u00e9s mardi dans la ville d\u2019Arbinda, faisant de cette action, avec 42 morts au total, l\u2019attaque la plus meurtri\u00e8re subie par le Burkina Faso depuis le d\u00e9but des violences jihadistes il y a cinq ans.<\/p>\n<p>\u00ab\u00a0Un des chevaliers du martyr a fait exploser son v\u00e9hicule charg\u00e9 d\u2019explosifs dans la base militaire (\u2026) puis des soldats du califat ont attaqu\u00e9 la base (\u2026) pendant plusieurs heures (\u2026) tuant sept \u00e9l\u00e9ments\u00a0\u00bb, selon le message de l\u2019ISWAP publi\u00e9 par SITE, traduit de l\u2019arabe en anglais.<\/p>\n<p>L\u2019ISWAP est une faction du groupe jihadiste nig\u00e9rian Boko Haram affili\u00e9e \u00e0 l\u2019Etat islamique.<\/p>\n<p>L\u2019attaque d\u2019Arbinda, une commune rurale de la province du Soum, dans le nord du Burkina, a \u00e9t\u00e9 lanc\u00e9e mardi \u00e0 l\u2019aube \u00ab\u00a0par plus de 200 individus lourdement arm\u00e9s, \u00e0 bord de pick-up et de motocyclettes\u00a0\u00bb, et a \u00ab\u00a0dur\u00e9 pr\u00e8s de trois heures\u00a0\u00bb, avait expliqu\u00e9 \u00e0 l\u2019AFP une source s\u00e9curitaire.<\/p>\n<p>\u00ab\u00a0Pendant que le d\u00e9tachement (militaire) essuyait des tirs nourris, un autre groupe d\u2019individus arm\u00e9s s\u2019en est pris aux populations civiles, majoritairement des femmes, dont des personnes d\u00e9plac\u00e9es qui avaient trouv\u00e9 refuge \u00e0 Arbinda\u00a0\u00bb, avait pr\u00e9cis\u00e9 une autre source s\u00e9curitaire.<\/p>\n<p>Six civils et une vingtaine de soldats ont aussi \u00e9t\u00e9 bless\u00e9s lors de l\u2019assaut, selon le gouvernement burkinab\u00e8, qui a d\u00e9cr\u00e9t\u00e9 deux jours de deuil national, mercredi et jeudi.<\/p>\n<p>L\u2019arm\u00e9e burkinab\u00e8 a revendiqu\u00e9 avoir tu\u00e9 \u00ab\u00a080 terroristes\u00a0\u00bb dans sa riposte aux assaillants.<\/p>\n<p>Les attaques de plus en plus nombreuses et meurtri\u00e8res perp\u00e9tr\u00e9es au Burkina Faso sont rarement revendiqu\u00e9es, mais attribu\u00e9es \u00e0 des groupes arm\u00e9s jihadistes, certains affili\u00e9s \u00e0 Al-Qa\u00efda et d\u2019autres au groupe \u00c9tat islamique.<\/p>\n<p>Depuis 2015, elles ont fait pr\u00e8s de 750 morts, selon un d\u00e9compte de l\u2019AFP, et environ 560.000 d\u00e9plac\u00e9s et r\u00e9fugi\u00e9s, d\u2019apr\u00e8s l\u2019ONU.<\/p>\n<p>La commune d\u2019Arbinda, situ\u00e9e \u00e0 90 km de Djibo, chef-lieu de la province du Soum, et sa r\u00e9gion ont r\u00e9guli\u00e8rement \u00e9t\u00e9 frapp\u00e9es cette ann\u00e9e par des attaques jihadistes visant aussi bien les civils que les forces de l\u2019ordre.<\/p>\n<p>Toute la r\u00e9gion du Sahel, en particulier le Mali, le Burkina Faso et le Niger, est confront\u00e9e \u00e0 des attaques jihadistes, que ces pays ne parviennent pas \u00e0 enrayer, malgr\u00e9 un fort soutien international, dont celui des 4.500 hommes de la force fran\u00e7aise antijihadiste Barkhane.<\/p>\n<\/div>\n<p>Auteur: AFP<br \/>\n<a href=\"https:\/\/www.journalducameroun.com\/burkina-letat-islamique-revendique-lattaque-de-la-base-militaire-darbinda\/\">Cliquez ici pour lire l&rsquo;article depuis sa source.<\/a><\/p>\n","protected":false},"excerpt":{"rendered":"<p>Publi\u00e9 le 27.12.2019 \u00e0 21h50 par AFP Le groupe Etat islamique en Afrique de l\u2019Ouest (ISWAP) a revendiqu\u00e9 vendredi l\u2019attaque de la base militaire d\u2019Arbinda au Burkina Faso, dans laquelle sept militaires ont \u00e9t\u00e9 tu\u00e9s mardi, selon SITE Intelligence, un organisme am\u00e9ricain de surveillance des mouvements extr\u00e9mistes. L\u2019ISWAP n\u2019a pas revendiqu\u00e9 en revanche la mort [&hellip;]<\/p>\n","protected":false},"author":1965,"featured_media":0,"comment_status":"closed","ping_status":"closed","sticky":false,"template":"","format":"standard","meta":{"fifu_image_url":"","fifu_image_alt":"","footnotes":""},"categories":[73,82],"tags":[],"class_list":["post-71477","post","type-post","status-publish","format-standard","hentry","category-actualite","category-cameroun"],"_links":{"self":[{"href":"https:\/\/linitiative.ca\/International\/wp-json\/wp\/v2\/posts\/71477","targetHints":{"allow":["GET"]}}],"collection":[{"href":"https:\/\/linitiative.ca\/International\/wp-json\/wp\/v2\/posts"}],"about":[{"href":"https:\/\/linitiative.ca\/International\/wp-json\/wp\/v2\/types\/post"}],"author":[{"embeddable":true,"href":"https:\/\/linitiative.ca\/International\/wp-json\/wp\/v2\/users\/1965"}],"replies":[{"embeddable":true,"href":"https:\/\/linitiative.ca\/International\/wp-json\/wp\/v2\/comments?post=71477"}],"version-history":[{"count":0,"href":"https:\/\/linitiative.ca\/International\/wp-json\/wp\/v2\/posts\/71477\/revisions"}],"wp:attachment":[{"href":"https:\/\/linitiative.ca\/International\/wp-json\/wp\/v2\/media?parent=71477"}],"wp:term":[{"taxonomy":"category","embeddable":true,"href":"https:\/\/linitiative.ca\/International\/wp-json\/wp\/v2\/categories?post=71477"},{"taxonomy":"post_tag","embeddable":true,"href":"https:\/\/linitiative.ca\/International\/wp-json\/wp\/v2\/tags?post=71477"}],"curies":[{"name":"wp","href":"https:\/\/api.w.org\/{rel}","templated":true}]}}