{"id":71478,"date":"2019-12-27T16:18:03","date_gmt":"2019-12-27T21:18:03","guid":{"rendered":"https:\/\/linitiative.ca\/International\/la-cote-divoire-ne-permettra-jamais-a-quiconque-de-perturber-sa-pente-vertueuse-pm\/"},"modified":"2019-12-27T16:18:03","modified_gmt":"2019-12-27T21:18:03","slug":"la-cote-divoire-ne-permettra-jamais-a-quiconque-de-perturber-sa-pente-vertueuse-pm","status":"publish","type":"post","link":"https:\/\/linitiative.ca\/International\/la-cote-divoire-ne-permettra-jamais-a-quiconque-de-perturber-sa-pente-vertueuse-pm\/","title":{"rendered":"La C\u00f4te d\u2019Ivoire ne permettra jamais \u00e0 quiconque de perturber sa pente vertueuse  (PM)"},"content":{"rendered":"<div readability=\"32\">\n<p>Publi\u00e9 le 27.12.2019 \u00e0 22h18 par APA News<\/p>\n<\/div>\n<div readability=\"60\">\n<p>Le Premier ministre ivoirien Amadou Gon Coulibaly a mis en garde vendredi \u00e0 Abidjan ceux qui ont \u00e9ventuellement des projets de d\u00e9stabilisation de la C\u00f4te d\u2019Ivoire affirmant que \u00ab nous ne permettrons jamais \u00e0 quiconque de perturber la pente vertueuse sur laquelle notre pays est aujourd\u2019hui \u00bb.M. Coulibaly s\u2019exprimait dans un discours de lancement de la phase 2 du projet d\u00e9nomm\u00e9 Filets sociaux productifs, un programme \u00e9tendu \u00e0 127 000 b\u00e9n\u00e9ficiaires dans le pays qui vise \u00e0 lutter contre l\u2019extr\u00eame pauvret\u00e9 en octroyant une allocation trimestrielle de 36 000 FCFA aux familles d\u00e9munies.<\/p>\n<p>\u00a0\u00ab C\u2019est en C\u00f4te d\u2019Ivoire qu\u2019on peut voir un pays sorti de crise et avec le leadership de son pr\u00e9sident retrouver la paix, la stabilit\u00e9. Tous ces acquis je vous le dit, nous ne permettrons jamais et \u00e0 quiconque de perturber la pente vertueuse sur laquelle notre pays la C\u00f4te d\u2019Ivoire est aujourd\u2019hui\u00bb, a-t-il indiqu\u00e9 invitant les populations \u00e0 \u00abd\u00e9noncer\u00bb toutes les tentatives qui visent \u00e0 troubler la qui\u00e9tude des ivoiriens.<\/p>\n<p>\u00ab La pente vertueuse sur laquelle notre pays est aujourd\u2019hui, je peux en donner l\u2019assurance au nom du pr\u00e9sident de la R\u00e9publique, que cette pente vertueuse sera maintenue, maintenant et pour l\u2019avenir. N\u2019ayez peur de rien, n\u2019ayez aucune crainte. La C\u00f4te d\u2019Ivoire est tenue et elle continuera d\u2019\u00eatre bien tenue \u00bb, assur\u00e9 M. Coulibaly.<\/p>\n<p>Cette mise en garde du chef du gouvernement ivoirien intervient quelques jours seulement apr\u00e8s le mandat d\u2019arr\u00eat international lanc\u00e9 par la justice ivoirienne contre Guillaume Kigbafori Soro, l\u2019ex-pr\u00e9sident de l\u2019Assembl\u00e9e nationale ivoirienne accus\u00e9 de complot contre l\u2019autorit\u00e9 de l\u2019\u00c9tat et recel de d\u00e9tournement de deniers publics.<\/p>\n<\/div>\n<p>Auteur: APA News<br \/>\n<a href=\"https:\/\/www.journalducameroun.com\/la-cote-divoire-ne-permettra-jamais-a-quiconque-de-perturber-sa-pente-vertueuse-pm\/\">Cliquez ici pour lire l&rsquo;article depuis sa source.<\/a><\/p>\n","protected":false},"excerpt":{"rendered":"<p>Publi\u00e9 le 27.12.2019 \u00e0 22h18 par APA News Le Premier ministre ivoirien Amadou Gon Coulibaly a mis en garde vendredi \u00e0 Abidjan ceux qui ont \u00e9ventuellement des projets de d\u00e9stabilisation de la C\u00f4te d\u2019Ivoire affirmant que \u00ab nous ne permettrons jamais \u00e0 quiconque de perturber la pente vertueuse sur laquelle notre pays est aujourd\u2019hui \u00bb.M. [&hellip;]<\/p>\n","protected":false},"author":1965,"featured_media":0,"comment_status":"closed","ping_status":"closed","sticky":false,"template":"","format":"standard","meta":{"fifu_image_url":"","fifu_image_alt":"","footnotes":""},"categories":[73,82],"tags":[],"class_list":["post-71478","post","type-post","status-publish","format-standard","hentry","category-actualite","category-cameroun"],"_links":{"self":[{"href":"https:\/\/linitiative.ca\/International\/wp-json\/wp\/v2\/posts\/71478","targetHints":{"allow":["GET"]}}],"collection":[{"href":"https:\/\/linitiative.ca\/International\/wp-json\/wp\/v2\/posts"}],"about":[{"href":"https:\/\/linitiative.ca\/International\/wp-json\/wp\/v2\/types\/post"}],"author":[{"embeddable":true,"href":"https:\/\/linitiative.ca\/International\/wp-json\/wp\/v2\/users\/1965"}],"replies":[{"embeddable":true,"href":"https:\/\/linitiative.ca\/International\/wp-json\/wp\/v2\/comments?post=71478"}],"version-history":[{"count":0,"href":"https:\/\/linitiative.ca\/International\/wp-json\/wp\/v2\/posts\/71478\/revisions"}],"wp:attachment":[{"href":"https:\/\/linitiative.ca\/International\/wp-json\/wp\/v2\/media?parent=71478"}],"wp:term":[{"taxonomy":"category","embeddable":true,"href":"https:\/\/linitiative.ca\/International\/wp-json\/wp\/v2\/categories?post=71478"},{"taxonomy":"post_tag","embeddable":true,"href":"https:\/\/linitiative.ca\/International\/wp-json\/wp\/v2\/tags?post=71478"}],"curies":[{"name":"wp","href":"https:\/\/api.w.org\/{rel}","templated":true}]}}