{"id":71479,"date":"2019-12-27T17:18:03","date_gmt":"2019-12-27T22:18:03","guid":{"rendered":"https:\/\/linitiative.ca\/International\/lopposition-ivoirienne-exige-la-liberation-des-personnalites-politiques-incarcerees\/"},"modified":"2019-12-27T17:18:03","modified_gmt":"2019-12-27T22:18:03","slug":"lopposition-ivoirienne-exige-la-liberation-des-personnalites-politiques-incarcerees","status":"publish","type":"post","link":"https:\/\/linitiative.ca\/International\/lopposition-ivoirienne-exige-la-liberation-des-personnalites-politiques-incarcerees\/","title":{"rendered":"L\u2019opposition ivoirienne exige la \u00ablib\u00e9ration\u00bb des personnalit\u00e9s politiques incarc\u00e9r\u00e9es"},"content":{"rendered":"<div readability=\"32\">\n<p>Publi\u00e9 le 27.12.2019 \u00e0 23h18 par APA News<\/p>\n<\/div>\n<div readability=\"125\">\n<p>La Coalition pour la d\u00e9mocratie, la r\u00e9conciliation et la paix (CDRP), la plate-forme de l\u2019opposition ivoirienne, a appel\u00e9 vendredi \u00e0 la \u00ab lib\u00e9ration imm\u00e9diate \u00bb des personnalit\u00e9s politiques incarc\u00e9r\u00e9es ainsi que le retour \u00ab sans condition de celles contraintes en exil \u00bb, dans une d\u00e9claration.\u00ab Nous exigeons la lib\u00e9ration imm\u00e9diate de toutes les personnalit\u00e9s politiques et les militants arr\u00eat\u00e9s, et le retour sans conditions de toutes celles qui sont contraintes en exil\u00bb, a dit Ouattara Gnonzi\u00e9, dans une d\u00e9claration , au nom de la plate-forme de l\u2019opposition, face \u00e0 la presse.<\/p>\n<p>A la suite d\u2019un retour avort\u00e9 de Guillaume Soro, ex-pr\u00e9sident de l\u2019Assembl\u00e9e nationale, \u00e0 l\u2019a\u00e9roport d\u2019Abidjan, le 23 d\u00e9cembre 2019, un mandat d\u2019arr\u00eat international a \u00e9t\u00e9 requis contre lui pour complot contre l\u2019autorit\u00e9 de l\u2019Etat. En outre une quinzaine de personnes dont cinq d\u00e9put\u00e9s ont \u00e9t\u00e9 arr\u00eat\u00e9es. \u00a0 \u00a0<\/p>\n<p>Au nombre des personnes mises aux arr\u00eats, figurent les d\u00e9put\u00e9s Alain Lobognon, Soro Kanigui Mamadou, Yao Soumaila, Camara Loukimane, Soumahoro Kando, ainsi qu\u2019une maire et deux dirigeants de partis et mouvements politiques. \u00a0<\/p>\n<p>Ils ont \u00e9t\u00e9 inculp\u00e9s et mis sous mandat de d\u00e9p\u00f4t pour trouble \u00e0 l\u2019ordre public, diffusion de nouvelle fausse et atteinte \u00e0 l\u2019autorit\u00e9 de l\u2019Etat. Pour M. Ouattara Gnonzi\u00e9 c\u2019est \u00ab un pr\u00e9texte de faux d\u00e9lits pour \u00e9touffer les partis politiques pour que plus personne ne s\u2019exprime \u00bb. \u00a0<\/p>\n<p>Dans une d\u00e9claration, en fin de matin\u00e9e, Yasmina Ou\u00e9gnin, porte-parole des groupes parlementaires de l\u2019opposition, notamment le Pdci (Parti d\u00e9mocratique de C\u00f4te d\u2019Ivoire), Vox Populi, et Rassemblement, a appel\u00e9 \u00e0 la \u00ab suspension de la d\u00e9tention \u00bb des d\u00e9put\u00e9s arr\u00eat\u00e9s depuis le lundi 23 d\u00e9cembre 2019. \u00a0<\/p>\n<p>Elle a d\u00e9nonc\u00e9 une \u00ab proc\u00e9dure exp\u00e9ditive \u00bb au terme de laquelle ils ont \u00e9t\u00e9 d\u00e9f\u00e9r\u00e9s \u00e0 la Maison d\u2019arr\u00eat et de correction d\u2019Abidjan (Maca), o\u00f9 \u00ab ils font l\u2019objet de proc\u00e9dure p\u00e9nale en violation de la Constitution et du r\u00e8glement de l\u2019Assembl\u00e9e nationale en raison de l\u2019immunit\u00e9 parlementaire dont ils b\u00e9n\u00e9ficient \u00bb. \u00a0<\/p>\n<p>A l\u2019occasion d\u2019une conf\u00e9rence de presse qu\u2019ils organisaient au si\u00e8ge de leur mouvement G\u00e9n\u00e9ration et peuples solidaires (GPS dont M. Soro est le pr\u00e9sident), le 23 d\u00e9cembre 2019, plusieurs responsables dudit mouvement ont \u00e9t\u00e9 interpell\u00e9s par les forces de l\u2019ordre qui ont pris d\u2019assaut ce si\u00e8ge \u00e0 Cocody, dans l\u2019Est d\u2019Abidjan.\u00a0<\/p>\n<p>Il leur est reproch\u00e9 des infractions de troubles \u00e0 l\u2019ordre public. Selon la loi, au cours d\u2019une session parlementaire, aucun d\u00e9put\u00e9 ne peut \u00eatre poursuivi ou arr\u00eat\u00e9 en mati\u00e8re criminelle ou correctionnelle qu\u2019avec autorisation de la Chambre dont il est membre sauf cas de flagrant d\u00e9lit.<\/p>\n<p>\u00ab Vu la gravit\u00e9 des faits et en raison de la flagrance de d\u00e9lit de ceci, j\u2019ai imm\u00e9diatement ordonn\u00e9 \u00e0 la direction de la surveillance du territoire de proc\u00e9der \u00e0 la recherche et \u00e0 l\u2019arrestation de tous les mis en cause \u00bb, a laiss\u00e9 entendre jeudi le procureur de la R\u00e9publique, M. Richard Adou, devant des journalistes. \u00a0 \u00a0\u00a0<\/p>\n<p>Les groupes parlementaires de l\u2019opposition constatent ainsi que pour contourner l\u2019immunit\u00e9 parlementaire dont jouissent les d\u00e9put\u00e9s, le parquet d\u2019Abidjan invoque de \u00ab mani\u00e8re \u00ab abusive le flagrant d\u00e9lit sans jamais d\u00e9montrer la r\u00e9alit\u00e9 de cette situation \u00bb, a d\u00e9plor\u00e9 Yasmina Ou\u00e9gnin.\u00a0<\/p>\n<p>Par ailleurs, la plate-forme de l\u2019opposition demande une Commission \u00e9lectorale ind\u00e9pendante (CEI) consensuelle. M. Ouattara Gnonzi\u00e9 a d\u00e9clar\u00e9 que \u00ab rien n\u2019est fini \u00bb, esp\u00e9rant qu\u2019une nouvelle institution charg\u00e9e des \u00e9lections se mettra en place pour la pr\u00e9sidentielle d\u2019octobre 2020.\u00a0<\/p>\n<\/div>\n<p>Auteur: APA News<br \/>\n<a href=\"https:\/\/www.journalducameroun.com\/lopposition-ivoirienne-exige-la-liberation-des-personnalites-politiques-incarcerees\/\">Cliquez ici pour lire l&rsquo;article depuis sa source.<\/a><\/p>\n","protected":false},"excerpt":{"rendered":"<p>Publi\u00e9 le 27.12.2019 \u00e0 23h18 par APA News La Coalition pour la d\u00e9mocratie, la r\u00e9conciliation et la paix (CDRP), la plate-forme de l\u2019opposition ivoirienne, a appel\u00e9 vendredi \u00e0 la \u00ab lib\u00e9ration imm\u00e9diate \u00bb des personnalit\u00e9s politiques incarc\u00e9r\u00e9es ainsi que le retour \u00ab sans condition de celles contraintes en exil \u00bb, dans une d\u00e9claration.\u00ab Nous exigeons [&hellip;]<\/p>\n","protected":false},"author":1965,"featured_media":0,"comment_status":"closed","ping_status":"closed","sticky":false,"template":"","format":"standard","meta":{"fifu_image_url":"","fifu_image_alt":"","footnotes":""},"categories":[73,82],"tags":[],"class_list":["post-71479","post","type-post","status-publish","format-standard","hentry","category-actualite","category-cameroun"],"_links":{"self":[{"href":"https:\/\/linitiative.ca\/International\/wp-json\/wp\/v2\/posts\/71479","targetHints":{"allow":["GET"]}}],"collection":[{"href":"https:\/\/linitiative.ca\/International\/wp-json\/wp\/v2\/posts"}],"about":[{"href":"https:\/\/linitiative.ca\/International\/wp-json\/wp\/v2\/types\/post"}],"author":[{"embeddable":true,"href":"https:\/\/linitiative.ca\/International\/wp-json\/wp\/v2\/users\/1965"}],"replies":[{"embeddable":true,"href":"https:\/\/linitiative.ca\/International\/wp-json\/wp\/v2\/comments?post=71479"}],"version-history":[{"count":0,"href":"https:\/\/linitiative.ca\/International\/wp-json\/wp\/v2\/posts\/71479\/revisions"}],"wp:attachment":[{"href":"https:\/\/linitiative.ca\/International\/wp-json\/wp\/v2\/media?parent=71479"}],"wp:term":[{"taxonomy":"category","embeddable":true,"href":"https:\/\/linitiative.ca\/International\/wp-json\/wp\/v2\/categories?post=71479"},{"taxonomy":"post_tag","embeddable":true,"href":"https:\/\/linitiative.ca\/International\/wp-json\/wp\/v2\/tags?post=71479"}],"curies":[{"name":"wp","href":"https:\/\/api.w.org\/{rel}","templated":true}]}}