{"id":71480,"date":"2019-12-27T09:16:46","date_gmt":"2019-12-27T14:16:46","guid":{"rendered":"https:\/\/linitiative.ca\/International\/le-groupe-castel-veut-se-lancer-dans-lagriculture-au-cameroun\/"},"modified":"2019-12-27T09:16:46","modified_gmt":"2019-12-27T14:16:46","slug":"le-groupe-castel-veut-se-lancer-dans-lagriculture-au-cameroun","status":"publish","type":"post","link":"https:\/\/linitiative.ca\/International\/le-groupe-castel-veut-se-lancer-dans-lagriculture-au-cameroun\/","title":{"rendered":"Le Groupe Castel veut se lancer dans l\u2019agriculture au Cameroun"},"content":{"rendered":"<div class=\"featured-area featured-area-inner\"><img loading=\"lazy\" decoding=\"async\" width=\"500\" height=\"334\" src=\"https:\/\/ecomatin.net\/wp-content\/uploads\/2019\/12\/Pierre-Castel-projette-dinvestir-dans-lagriculture.jpg?is-pending-load=1\" class=\"attachment-jannah-image-post size-jannah-image-post wp-post-image jetpack-lazy-image\" alt=\"\" data-lazy-srcset=\"https:\/\/ecomatin.net\/wp-content\/uploads\/2019\/12\/Pierre-Castel-projette-dinvestir-dans-lagriculture.jpg 500w, https:\/\/ecomatin.net\/wp-content\/uploads\/2019\/12\/Pierre-Castel-projette-dinvestir-dans-lagriculture-300x200.jpg 300w\" data-lazy-sizes=\"(max-width: 500px) 100vw, 500px\" srcset=\"data:image\/gif;base64,R0lGODlhAQABAIAAAAAAAP\/\/\/yH5BAEAAAAALAAAAAABAAEAAAIBRAA7\"\/><\/div>\n<div class=\"entry-content entry clearfix\" readability=\"66.6624136098\">\n<p>Le pr\u00e9sident camerounais <strong>Paul Biya<\/strong> a re\u00e7u en audience, le 20 d\u00e9cembre 2019, <strong>Pierre Castel<\/strong>, pr\u00e9sident directeur g\u00e9n\u00e9ral du groupe \u00e9ponyme, \u00e0 la t\u00eate d\u2019une forte d\u00e9l\u00e9gation compos\u00e9e notamment de l\u2019ambassadeur de France au Cameroun, <strong>Christophe Guilhou<\/strong>. Le patron du <strong>groupe Castel<\/strong> a r\u00e9v\u00e9l\u00e9 au chef de l\u2019Etat camerounais que cette multinationale va \u00e9tendre ses activit\u00e9s \u00e9conomiques dans le pays en mettant un accent sur la diversification des investissements.<\/p>\n<p>La pr\u00e9sidence de la R\u00e9publique renseigne que \u00ab\u2009le nouveau programme d\u2019investissements pr\u00e9sent\u00e9 par le PDG du groupe Castel au chef de l\u2019Etat porte sur le d\u00e9veloppement de l\u2019agriculture afin de r\u00e9duire les importations des mati\u00e8res premi\u00e8res entrant dans la fabrication des produits brassicoles\u2009\u00bb.<\/p>\n<p>Pour l\u2019heure, Castel indique que <strong>30% de ses intrants<\/strong> sont fournis au Cameroun. La <strong>Soci\u00e9t\u00e9 anonyme des Brasseries du Cameroun (SABC)<\/strong>, filiale du groupe fran\u00e7ais, est en partenariat avec <strong>6 000 exploitants agricoles<\/strong> qui lui fournissent localement et annuellement <strong>30 000 tonnes de sucre<\/strong> et <strong>10 000 tonnes de ma\u00efs<\/strong>. Mais, il reste donc \u00e0 couvrir le reste des <strong>70% de besoins<\/strong> en intrants.<\/p>\n<p>Des indications n\u2019ont pas \u00e9t\u00e9 donn\u00e9es sur le niveau des investissements qui seront consentis, mais les secteurs cibl\u00e9s sont le ma\u00efs et le sucre, mati\u00e8res utilis\u00e9es dans la fabrication des produits brassicoles.<\/p>\n<p>L\u2019ambassadeur <strong>Christophe Guilhou,<\/strong> au terme de l\u2019audience, a rappel\u00e9 la contribution du groupe Castel au d\u00e9veloppement du Cameroun depuis de nombreuses d\u00e9cennies \u00e0 travers principalement la SABC. Ses investissements annuels sont estim\u00e9s \u00e0 <strong>35 milliards de FCFA<\/strong> et en termes d\u2019emplois, le groupe Castel r\u00e9clame g\u00e9n\u00e9rer <strong>15 000 emplois directs<\/strong> et <strong>35 000 emplois indirects<\/strong> au Cameroun.<\/p>\n<div class=\"sharedaddy sd-sharing-enabled robots-nocontent sd-block sd-social sd-social-icon-text sd-sharing\">\n<h3 class=\"sd-title\">Partager\u00a0:<\/h3>\n<\/div>\n<p><h3 class=\"jp-relatedposts-headline\"><em>Articles similaires<\/em><\/h3>\n<\/p>\n<\/div>\n<div class=\"toggle-post-content clearfix\"><a id=\"toggle-post-button\" class=\"button\" href=\"#\">Afficher plus <\/a><\/div>\n<p>Auteur: Francky<br \/>\n<a href=\"https:\/\/ecomatin.net\/le-groupe-castel-veut-se-lancer-dans-lagriculture-au-cameroun\/\">Cliquez ici pour lire l&rsquo;article depuis sa source.<\/a><\/p>\n","protected":false},"excerpt":{"rendered":"<p>Le pr\u00e9sident camerounais Paul Biya a re\u00e7u en audience, le 20 d\u00e9cembre 2019, Pierre Castel, pr\u00e9sident directeur g\u00e9n\u00e9ral du groupe \u00e9ponyme, \u00e0 la t\u00eate d\u2019une forte d\u00e9l\u00e9gation compos\u00e9e notamment de l\u2019ambassadeur de France au Cameroun, Christophe Guilhou. Le patron du groupe Castel a r\u00e9v\u00e9l\u00e9 au chef de l\u2019Etat camerounais que cette multinationale va \u00e9tendre ses [&hellip;]<\/p>\n","protected":false},"author":1969,"featured_media":0,"comment_status":"closed","ping_status":"closed","sticky":false,"template":"","format":"standard","meta":{"fifu_image_url":"","fifu_image_alt":"","footnotes":""},"categories":[82,78],"tags":[],"class_list":["post-71480","post","type-post","status-publish","format-standard","hentry","category-cameroun","category-economie"],"_links":{"self":[{"href":"https:\/\/linitiative.ca\/International\/wp-json\/wp\/v2\/posts\/71480","targetHints":{"allow":["GET"]}}],"collection":[{"href":"https:\/\/linitiative.ca\/International\/wp-json\/wp\/v2\/posts"}],"about":[{"href":"https:\/\/linitiative.ca\/International\/wp-json\/wp\/v2\/types\/post"}],"author":[{"embeddable":true,"href":"https:\/\/linitiative.ca\/International\/wp-json\/wp\/v2\/users\/1969"}],"replies":[{"embeddable":true,"href":"https:\/\/linitiative.ca\/International\/wp-json\/wp\/v2\/comments?post=71480"}],"version-history":[{"count":0,"href":"https:\/\/linitiative.ca\/International\/wp-json\/wp\/v2\/posts\/71480\/revisions"}],"wp:attachment":[{"href":"https:\/\/linitiative.ca\/International\/wp-json\/wp\/v2\/media?parent=71480"}],"wp:term":[{"taxonomy":"category","embeddable":true,"href":"https:\/\/linitiative.ca\/International\/wp-json\/wp\/v2\/categories?post=71480"},{"taxonomy":"post_tag","embeddable":true,"href":"https:\/\/linitiative.ca\/International\/wp-json\/wp\/v2\/tags?post=71480"}],"curies":[{"name":"wp","href":"https:\/\/api.w.org\/{rel}","templated":true}]}}