{"id":71481,"date":"2019-12-27T09:29:28","date_gmt":"2019-12-27T14:29:28","guid":{"rendered":"https:\/\/linitiative.ca\/International\/celestin-tawamba-fustige-la-politique-fiscale-du-gouvernement-camerounais\/"},"modified":"2019-12-27T09:29:28","modified_gmt":"2019-12-27T14:29:28","slug":"celestin-tawamba-fustige-la-politique-fiscale-du-gouvernement-camerounais","status":"publish","type":"post","link":"https:\/\/linitiative.ca\/International\/celestin-tawamba-fustige-la-politique-fiscale-du-gouvernement-camerounais\/","title":{"rendered":"C\u00e9lestin Tawamba fustige la politique fiscale du gouvernement camerounais"},"content":{"rendered":"<div class=\"featured-area featured-area-inner\"><img loading=\"lazy\" decoding=\"async\" width=\"780\" height=\"405\" src=\"https:\/\/ecomatin.net\/wp-content\/uploads\/2019\/12\/celestin-tawanba-2-780x405.jpg?is-pending-load=1\" class=\"attachment-jannah-image-post size-jannah-image-post wp-post-image jetpack-lazy-image\" alt=\"\" srcset=\"data:image\/gif;base64,R0lGODlhAQABAIAAAAAAAP\/\/\/yH5BAEAAAAALAAAAAABAAEAAAIBRAA7\"\/><\/div>\n<div class=\"entry-content entry clearfix\" readability=\"57.1212121212\">\n<p>Dans une interview accord\u00e9e \u00e0 l\u2019hebdomadaire panafricain Jeune\u00a0 Afrique, le pr\u00e9sident du <strong>Groupement inter patronal du Cameroun (Gicam)<\/strong> se montre particuli\u00e8rement amer envers la politique fiscale du gouvernement. Estimant que le moral des patrons camerounais <em>\u00ab\u00a0est en berne\u00a0\u00bb<\/em> \u00e0 cause de la situation \u00e9conomique et de l\u2019environnement des affaires<strong>,\u00a0 C\u00e9lestin Tawamba<\/strong> rel\u00e8ve que les chefs d\u2019entreprise sont asphyxi\u00e9s par <em>\u00ab\u00a0une <strong>fiscalit\u00e9 confiscatoire<\/strong>, voire <strong>pr\u00e9datrice<\/strong> dans sa mise en \u0153uvre, r\u00e9ticente \u00e0 l\u2019\u00e9largissement de l\u2019assiette fiscale et assise sur le chiffre d\u2019affaires\u00a0\u00bb.<\/em><\/p>\n<p>De mani\u00e8re concr\u00e8te, le pr\u00e9sident du Gicam fustige le fait que la plupart des entreprises sont soumises au <strong>paiement minimum de perception<\/strong>. Ce dernier est de <strong>2,2% du chiffre d\u2019affaires<\/strong>. Les entrepreneurs camerounais auraient souhait\u00e9 \u00eatre impos\u00e9s sur le b\u00e9n\u00e9fice r\u00e9ellement r\u00e9alis\u00e9 comme c\u2019est fix\u00e9 sur l\u2019imp\u00f4t sur le revenu. <em>\u00ab\u00a0R\u00e9sultat\u00a0: dans des secteurs o\u00f9 la marge b\u00e9n\u00e9ficiaire est faible, cette <strong>taxation bas\u00e9e sur le chiffre d\u2019affaires<\/strong> p\u00e9nalise l\u2019activit\u00e9\u00a0\u00bb<\/em>, souligne <strong>C\u00e9lestin Tawamba.<\/strong><\/p>\n<hr\/>\n<p><strong>Lire aussi\u00a0: <a href=\"https:\/\/ecomatin.net\/le-gicam-decu-des-politiques-gouvernementales-sur-lamelioration-du-climat-des-affaires\/\">Le GICAM d\u00e9\u00e7u des politiques gouvernementales sur l\u2019am\u00e9lioration du climat des affaires<\/a><\/strong><\/p>\n<hr\/>\n<p>Le Gicam avait recommand\u00e9 une sortie de ce syst\u00e8me, afin d\u2019\u00e9largir l\u2019assiette. Mais de mani\u00e8re plus large, C\u00e9lestin Tawamba pense \u00e0 une <strong>r\u00e9forme du syst\u00e8me fiscal<\/strong> camerounais\u00a0pour r\u00e9introduire la s\u00e9r\u00e9nit\u00e9 et avoir une <strong>\u00e9conomie comp\u00e9titive<\/strong>. <em>\u00ab\u00a0Le dispositif s\u2019est am\u00e9lior\u00e9, mais il faut aller \u00e0 l\u2019essentiel qui est l\u2019abandon de cette fiscalit\u00e9 bas\u00e9e sur le chiffre d\u2019affaires. Nous ne pouvons pas avoir une fiscalit\u00e9 d\u00e9connect\u00e9e de la r\u00e9alit\u00e9\u00a0\u00bb,<\/em> mart\u00e8le-t-il. Regrettant par ailleurs <em>\u00ab\u00a0la peur du changement\u00a0\u00bb<\/em> chez les dirigeants du pays, ainsi qu\u2019une sorte de <em>\u00ab\u00a0facilit\u00e9\u00a0\u00bb<\/em> \u00e0 avoir une <strong>fiscalit\u00e9 adoss\u00e9e \u00e0 la taxation de revenus<\/strong>.<\/p>\n<div class=\"sharedaddy sd-sharing-enabled robots-nocontent sd-block sd-social sd-social-icon-text sd-sharing\">\n<h3 class=\"sd-title\">Partager\u00a0:<\/h3>\n<\/div>\n<p><h3 class=\"jp-relatedposts-headline\"><em>Articles similaires<\/em><\/h3>\n<\/p>\n<\/div>\n<div class=\"toggle-post-content clearfix\"><a id=\"toggle-post-button\" class=\"button\" href=\"#\">Afficher plus <\/a><\/div>\n<p>Auteur: Francky<br \/>\n<a href=\"https:\/\/ecomatin.net\/celestin-tawamba-fustige-la-politique-fiscale-du-gouvernement-camerounais\/\">Cliquez ici pour lire l&rsquo;article depuis sa source.<\/a><\/p>\n","protected":false},"excerpt":{"rendered":"<p>Dans une interview accord\u00e9e \u00e0 l\u2019hebdomadaire panafricain Jeune\u00a0 Afrique, le pr\u00e9sident du Groupement inter patronal du Cameroun (Gicam) se montre particuli\u00e8rement amer envers la politique fiscale du gouvernement. Estimant que le moral des patrons camerounais \u00ab\u00a0est en berne\u00a0\u00bb \u00e0 cause de la situation \u00e9conomique et de l\u2019environnement des affaires,\u00a0 C\u00e9lestin Tawamba rel\u00e8ve que les chefs [&hellip;]<\/p>\n","protected":false},"author":1969,"featured_media":0,"comment_status":"closed","ping_status":"closed","sticky":false,"template":"","format":"standard","meta":{"fifu_image_url":"","fifu_image_alt":"","footnotes":""},"categories":[82,78],"tags":[],"class_list":["post-71481","post","type-post","status-publish","format-standard","hentry","category-cameroun","category-economie"],"_links":{"self":[{"href":"https:\/\/linitiative.ca\/International\/wp-json\/wp\/v2\/posts\/71481","targetHints":{"allow":["GET"]}}],"collection":[{"href":"https:\/\/linitiative.ca\/International\/wp-json\/wp\/v2\/posts"}],"about":[{"href":"https:\/\/linitiative.ca\/International\/wp-json\/wp\/v2\/types\/post"}],"author":[{"embeddable":true,"href":"https:\/\/linitiative.ca\/International\/wp-json\/wp\/v2\/users\/1969"}],"replies":[{"embeddable":true,"href":"https:\/\/linitiative.ca\/International\/wp-json\/wp\/v2\/comments?post=71481"}],"version-history":[{"count":0,"href":"https:\/\/linitiative.ca\/International\/wp-json\/wp\/v2\/posts\/71481\/revisions"}],"wp:attachment":[{"href":"https:\/\/linitiative.ca\/International\/wp-json\/wp\/v2\/media?parent=71481"}],"wp:term":[{"taxonomy":"category","embeddable":true,"href":"https:\/\/linitiative.ca\/International\/wp-json\/wp\/v2\/categories?post=71481"},{"taxonomy":"post_tag","embeddable":true,"href":"https:\/\/linitiative.ca\/International\/wp-json\/wp\/v2\/tags?post=71481"}],"curies":[{"name":"wp","href":"https:\/\/api.w.org\/{rel}","templated":true}]}}