{"id":71482,"date":"2019-12-27T09:42:12","date_gmt":"2019-12-27T14:42:12","guid":{"rendered":"https:\/\/linitiative.ca\/International\/akinwumi-adesina-obtient-le-soutien-de-la-cedeao-pour-la-presidence-de-la-bad\/"},"modified":"2019-12-27T09:42:12","modified_gmt":"2019-12-27T14:42:12","slug":"akinwumi-adesina-obtient-le-soutien-de-la-cedeao-pour-la-presidence-de-la-bad","status":"publish","type":"post","link":"https:\/\/linitiative.ca\/International\/akinwumi-adesina-obtient-le-soutien-de-la-cedeao-pour-la-presidence-de-la-bad\/","title":{"rendered":"Akinwumi Adesina obtient le soutien de la Cedeao pour la pr\u00e9sidence de la BAD"},"content":{"rendered":"<p>La <strong>Communaut\u00e9 \u00e9conomique des \u00c9tats de l\u2019Afrique de l\u2019Ouest (Cedea)<\/strong> a approuv\u00e9, samedi 21 d\u00e9cembre 2019, \u00e0 Abuja au Nig\u00e9ria, la candidature du pr\u00e9sident de la <strong>Banque africaine de d\u00e9veloppement<\/strong> (BAD), <strong>Akinwumi Adesina<\/strong>, pour un second mandat \u00e0 la t\u00eate de l\u2019institution. L\u2019annonce de cette d\u00e9cision a \u00e9t\u00e9 faite \u00e0 l\u2019issue de la 56<sup>e<\/sup> session ordinaire de la Conf\u00e9rence des chefs d\u2019\u00c9tat et de gouvernement de la Cedeao. <em>\u00ab\u2009Compte tenu de la performance exceptionnelle d\u2019<strong>Akinwumi Adesina<\/strong> au cours de son premier mandat en qualit\u00e9 de pr\u00e9sident de la BAD, la Conf\u00e9rence approuve sa candidature pour un second mandat\u2009\u00bb<\/em>, a d\u00e9clar\u00e9 la Cedeao dans un communiqu\u00e9 concluant le sommet.<\/p>\n<hr\/>\n<p><strong>Lire aussi\u00a0: <a href=\"https:\/\/ecomatin.net\/banque-africaine-de-developpement-lheritage-que-laisse-celestin-monga\/\">Banque africaine de d\u00e9veloppement : l\u2019h\u00e9ritage que laisse C\u00e9lestin Monga<\/a><\/strong><\/p>\n<hr\/>\n<p><strong>Akinwumi Adesina<\/strong>, <strong>Nig\u00e9rian \u00e2g\u00e9 de 59 ans<\/strong>, est le huiti\u00e8me pr\u00e9sident \u00e9lu du Groupe de la Banque africaine de d\u00e9veloppement. Il a \u00e9t\u00e9 \u00e9lu le 28 mai 2015 pour un <strong>mandat de cinq ans<\/strong> par le Conseil des gouverneurs de la banque lors de ses assembl\u00e9es annuelles, \u00e0 Abidjan en C\u00f4te d\u2019Ivoire. Le m\u00eame processus \u00e9lectoral s\u2019y d\u00e9roulera en 2020.<\/p>\n<p>Prenant la parole au d\u00e9but de la c\u00e9r\u00e9monie d\u2019ouverture, Akinwumi Adesina a fait \u00e9tat des investissements r\u00e9alis\u00e9s par la BAD dans la r\u00e9gion. <em>\u00ab\u2009Vous pourrez toujours compter sur la Banque africaine de d\u00e9veloppement, votre banque\u2009\u00bb<\/em>, a-t-il assur\u00e9. Le pr\u00e9sident de la Cedeao, <strong>Jean-Claude Kassi Brou<\/strong> a rendu hommage au r\u00f4le de l\u2019institution en Afrique de l\u2019Ouest et a affirm\u00e9 qu\u2019elle avait effectu\u00e9 <em>\u00ab\u2009des op\u00e9rations techniques et financi\u00e8res d\u2019une valeur inestimable (\u2026) dans la mise en \u0153uvre de nombreux projets et programmes \u00bb.<\/em><\/p>\n<p>Un rapport d\u2019avancement sur les performances \u00e9conomiques de la r\u00e9gion figurait \u00e0 l\u2019ordre du jour du sommet de la Cedeao. Celui-ci a soulign\u00e9 le r\u00f4le de la Banque africaine de d\u00e9veloppement dans la transformation du continent et a appel\u00e9 \u00e0 une plus grande coop\u00e9ration de mani\u00e8re \u00e0 assurer le financement des projets en Afrique de l\u2019Ouest. <em>\u00ab\u2009La Conf\u00e9rence prend note de l\u2019am\u00e9lioration des performances \u00e9conomiques de la r\u00e9gion, le PIB r\u00e9el de la Cedeao ayant augment\u00e9 de 3,3% en 2019 contre 3,0% en 2018, cela dans un contexte caract\u00e9ris\u00e9 par une baisse des pouss\u00e9es inflationnistes et par des finances publiques saines\u2009\u00bb<\/em>, indique le communiqu\u00e9.<\/p>\n<div class=\"sharedaddy sd-sharing-enabled robots-nocontent sd-block sd-social sd-social-icon-text sd-sharing\">\n<h3 class=\"sd-title\">Partager\u00a0:<\/h3>\n<\/div>\n<p><h3 class=\"jp-relatedposts-headline\"><em>Articles similaires<\/em><\/h3>\n<\/p>\n<p>Auteur: Francky<br \/>\n<a href=\"https:\/\/ecomatin.net\/akinwumi-adesina-obtient-le-soutien-de-la-cedeao-pour-la-presidence-de-la-bad\/\">Cliquez ici pour lire l&rsquo;article depuis sa source.<\/a><\/p>\n","protected":false},"excerpt":{"rendered":"<p>La Communaut\u00e9 \u00e9conomique des \u00c9tats de l\u2019Afrique de l\u2019Ouest (Cedea) a approuv\u00e9, samedi 21 d\u00e9cembre 2019, \u00e0 Abuja au Nig\u00e9ria, la candidature du pr\u00e9sident de la Banque africaine de d\u00e9veloppement (BAD), Akinwumi Adesina, pour un second mandat \u00e0 la t\u00eate de l\u2019institution. L\u2019annonce de cette d\u00e9cision a \u00e9t\u00e9 faite \u00e0 l\u2019issue de la 56e session [&hellip;]<\/p>\n","protected":false},"author":1969,"featured_media":0,"comment_status":"closed","ping_status":"closed","sticky":false,"template":"","format":"standard","meta":{"fifu_image_url":"","fifu_image_alt":"","footnotes":""},"categories":[82,78],"tags":[],"class_list":["post-71482","post","type-post","status-publish","format-standard","hentry","category-cameroun","category-economie"],"_links":{"self":[{"href":"https:\/\/linitiative.ca\/International\/wp-json\/wp\/v2\/posts\/71482","targetHints":{"allow":["GET"]}}],"collection":[{"href":"https:\/\/linitiative.ca\/International\/wp-json\/wp\/v2\/posts"}],"about":[{"href":"https:\/\/linitiative.ca\/International\/wp-json\/wp\/v2\/types\/post"}],"author":[{"embeddable":true,"href":"https:\/\/linitiative.ca\/International\/wp-json\/wp\/v2\/users\/1969"}],"replies":[{"embeddable":true,"href":"https:\/\/linitiative.ca\/International\/wp-json\/wp\/v2\/comments?post=71482"}],"version-history":[{"count":0,"href":"https:\/\/linitiative.ca\/International\/wp-json\/wp\/v2\/posts\/71482\/revisions"}],"wp:attachment":[{"href":"https:\/\/linitiative.ca\/International\/wp-json\/wp\/v2\/media?parent=71482"}],"wp:term":[{"taxonomy":"category","embeddable":true,"href":"https:\/\/linitiative.ca\/International\/wp-json\/wp\/v2\/categories?post=71482"},{"taxonomy":"post_tag","embeddable":true,"href":"https:\/\/linitiative.ca\/International\/wp-json\/wp\/v2\/tags?post=71482"}],"curies":[{"name":"wp","href":"https:\/\/api.w.org\/{rel}","templated":true}]}}