{"id":71485,"date":"2019-12-28T02:03:27","date_gmt":"2019-12-28T07:03:27","guid":{"rendered":"https:\/\/linitiative.ca\/International\/agadir-demantelement-dune-bande-de-falsificateurs-de-factures-commerciales\/"},"modified":"2019-12-28T02:03:27","modified_gmt":"2019-12-28T07:03:27","slug":"agadir-demantelement-dune-bande-de-falsificateurs-de-factures-commerciales","status":"publish","type":"post","link":"https:\/\/linitiative.ca\/International\/agadir-demantelement-dune-bande-de-falsificateurs-de-factures-commerciales\/","title":{"rendered":"Agadir : D\u00e9mant\u00e8lement d\u2019une bande de falsificateurs de factures commerciales"},"content":{"rendered":"<header>\n<\/header>\n<div class=\"entry-content clearfix\" readability=\"46\"><img decoding=\"async\" class=\"post_layout_5_img\" src=\"http:\/\/aujourdhui.ma\/wp-content\/uploads\/2017\/07\/Comptable-Genitax.jpg?x29840\" alt=\"Agadir : D\u00e9mant\u00e8lement d\u2019une bande de falsificateurs de factures commerciales\"\/><\/p>\n<p class=\"p1\"><span class=\"s1\"><span class=\"c4\"><strong>Vingt-et-un suspects ont \u00e9t\u00e9 arr\u00eat\u00e9s, derni\u00e8rement, par les \u00e9l\u00e9ments de la police judiciaire de la ville d\u2019Agadir pour leur implication dans une affaire de falsification de factures commerciales.<\/strong><\/span><\/span> <span id=\"more-327993\"\/><\/p>\n<p class=\"p1\"><span class=\"s1\">Six suspects ont \u00e9t\u00e9 maintenus en d\u00e9tention pr\u00e9ventive alors que les quinze autres sont poursuivis en \u00e9tat de libert\u00e9 provisoire. L\u2019affaire a \u00e9clat\u00e9 quand un entrepreneur qui a d\u00e9clar\u00e9 faillite depuis 2004 s\u2019est retrouv\u00e9 oblig\u00e9 de payer des imp\u00f4ts de 920 mille dirhams \u00e0 la suite de transactions commerciales qu\u2019il n\u2019a pas effectu\u00e9es.<\/span><\/p>\n<p class=\"p1\"><span class=\"s1\">A ce propos, une enqu\u00eate a \u00e9t\u00e9 diligent\u00e9e par la police d\u2019Agadir qui a abouti \u00e0 la d\u00e9couverte d\u2019une bande d\u2019escrocs qui a falsifi\u00e9 les factures portant le nom et le cachet d\u2019une soci\u00e9t\u00e9 qui n\u2019existe plus depuis belle lurette.<\/span><\/p>\n<\/div>\n<p>Auteur: Abderrafii ALOUMLIKI<br \/>\n<a href=\"http:\/\/aujourdhui.ma\/faits-divers\/agadir-demantelement-dune-bande-de-falsificateurs-de-factures-commerciales\">Cliquez ici pour lire l&rsquo;article depuis sa source.<\/a><\/p>\n","protected":false},"excerpt":{"rendered":"<p>Vingt-et-un suspects ont \u00e9t\u00e9 arr\u00eat\u00e9s, derni\u00e8rement, par les \u00e9l\u00e9ments de la police judiciaire de la ville d\u2019Agadir pour leur implication dans une affaire de falsification de factures commerciales. Six suspects ont \u00e9t\u00e9 maintenus en d\u00e9tention pr\u00e9ventive alors que les quinze autres sont poursuivis en \u00e9tat de libert\u00e9 provisoire. L\u2019affaire a \u00e9clat\u00e9 quand un entrepreneur qui [&hellip;]<\/p>\n","protected":false},"author":1759,"featured_media":0,"comment_status":"closed","ping_status":"closed","sticky":false,"template":"","format":"standard","meta":{"fifu_image_url":"","fifu_image_alt":"","footnotes":""},"categories":[73,54],"tags":[],"class_list":["post-71485","post","type-post","status-publish","format-standard","hentry","category-actualite","category-maroc"],"_links":{"self":[{"href":"https:\/\/linitiative.ca\/International\/wp-json\/wp\/v2\/posts\/71485","targetHints":{"allow":["GET"]}}],"collection":[{"href":"https:\/\/linitiative.ca\/International\/wp-json\/wp\/v2\/posts"}],"about":[{"href":"https:\/\/linitiative.ca\/International\/wp-json\/wp\/v2\/types\/post"}],"author":[{"embeddable":true,"href":"https:\/\/linitiative.ca\/International\/wp-json\/wp\/v2\/users\/1759"}],"replies":[{"embeddable":true,"href":"https:\/\/linitiative.ca\/International\/wp-json\/wp\/v2\/comments?post=71485"}],"version-history":[{"count":0,"href":"https:\/\/linitiative.ca\/International\/wp-json\/wp\/v2\/posts\/71485\/revisions"}],"wp:attachment":[{"href":"https:\/\/linitiative.ca\/International\/wp-json\/wp\/v2\/media?parent=71485"}],"wp:term":[{"taxonomy":"category","embeddable":true,"href":"https:\/\/linitiative.ca\/International\/wp-json\/wp\/v2\/categories?post=71485"},{"taxonomy":"post_tag","embeddable":true,"href":"https:\/\/linitiative.ca\/International\/wp-json\/wp\/v2\/tags?post=71485"}],"curies":[{"name":"wp","href":"https:\/\/api.w.org\/{rel}","templated":true}]}}