{"id":71486,"date":"2019-12-28T02:04:16","date_gmt":"2019-12-28T07:04:16","guid":{"rendered":"https:\/\/linitiative.ca\/International\/tanger-se-prepare-aux-fetes-de-fin-dannee\/"},"modified":"2019-12-28T02:04:16","modified_gmt":"2019-12-28T07:04:16","slug":"tanger-se-prepare-aux-fetes-de-fin-dannee","status":"publish","type":"post","link":"https:\/\/linitiative.ca\/International\/tanger-se-prepare-aux-fetes-de-fin-dannee\/","title":{"rendered":"Tanger se pr\u00e9pare aux f\u00eates de fin d\u2019ann\u00e9e"},"content":{"rendered":"<p><img decoding=\"async\" class=\"post_layout_5_img\" src=\"http:\/\/aujourdhui.ma\/wp-content\/uploads\/2019\/12\/Tanger-sarborent-les-plus-beaux-habits-de-fe%CC%82tes-de-fin-d%E2%80%99anne%CC%81e.jpg?x29840\" alt=\"Tanger se pr\u00e9pare aux f\u00eates de fin d\u2019ann\u00e9e\"\/><\/p>\n<p class=\"p1\"><span class=\"c4\"><strong><em>Ornements et d\u00e9corations des h\u00f4tels, des restaurants et d\u2019autres commerces annoncent le ton<\/em><\/strong><\/span> <span id=\"more-327942\"\/><\/p>\n<p class=\"p1\"><span class=\"s1\">Par sa vocation internationale, Tanger s\u2019appr\u00eate encore cette ann\u00e9e \u00e0 se parer de ses plus beaux habits pour c\u00e9l\u00e9brer No\u00ebl comme il se doit. Mais d\u00e9j\u00e0 l\u2019effervescence des f\u00eates du Nouvel an gagne depuis la mi-d\u00e9cembre les grands centres commerciaux de la ville, qui sont merveilleusement bien d\u00e9cor\u00e9s aussi bien de l\u2019int\u00e9rieur qu\u2019\u00e0 l\u2019ext\u00e9rieur.<\/span><\/p>\n<p class=\"p1\"><span class=\"s1\">C\u2019est l\u2019occasion pour les Tang\u00e9rois et les visiteurs de la ville de venir profiter de cette ambiance festive r\u00e9gnant sur les lieux. D\u2019autant plus que quelques enseignes de pr\u00eat-\u00e0-porter ont propos\u00e9 depuis le d\u00e9but du mois en cours des soldes d\u2019hiver. Et ce au grand bonheur des visiteurs en qu\u00eate de bonnes affaires \u00e0 un meilleur rapport qualit\u00e9-prix.<\/span><\/p>\n<p class=\"p1\"><span class=\"s1\">Au centre-ville, cette ambiance festive se fait sentir d\u00e9j\u00e0 \u00e0 travers les ornements et les d\u00e9corations des devantures des magasins de grands boulevards, dont ceux de la Libert\u00e9 et Pasteur, toutefois pas avec la m\u00eame ferveur des grandes centres commerciaux de la ville. <em>\u00abC\u2019est avec nostalgie que nous r\u00e9alisons cette traditionnelle d\u00e9coration de notre grande vitrine. Cette p\u00e9riode de fin d\u2019ann\u00e9e nous rappelle les grandes ventes que r\u00e9alisait mon d\u00e9funt p\u00e8re dont nous avons h\u00e9rit\u00e9 ce magasin de v\u00eatements. C\u2019est pourquoi nous -mon fr\u00e8re et moi- comptons se convertir vers d\u2019autres secteurs\u00bb<\/em>, fait savoir un g\u00e9rant d\u2019un magasin au centre-ville.<\/span><\/p>\n<p><a href=\"http:\/\/aujourdhui.ma\/wp-content\/uploads\/2019\/12\/Tanger-fe%CC%82tes-de-fin-d%E2%80%99anne%CC%81e.jpg?x29840\"><img loading=\"lazy\" decoding=\"async\" class=\"size-full wp-image-327950 aligncenter\" src=\"http:\/\/aujourdhui.ma\/wp-content\/uploads\/2019\/12\/Tanger-fe%CC%82tes-de-fin-d%E2%80%99anne%CC%81e.jpg?x29840\" alt=\"\" width=\"527\" height=\"703\" srcset=\"http:\/\/aujourdhui.ma\/wp-content\/uploads\/2019\/12\/Tanger-fe\u0302tes-de-fin-d\u2019anne\u0301e.jpg 527w, http:\/\/aujourdhui.ma\/wp-content\/uploads\/2019\/12\/Tanger-fe\u0302tes-de-fin-d\u2019anne\u0301e-225x300.jpg 225w\" sizes=\"auto, (max-width: 527px) 100vw, 527px\"\/><\/a><\/p>\n<p class=\"p1\"><span class=\"s1\">Parmi les endroits les plus anim\u00e9s pendant cette p\u00e9riode des f\u00eates, la corniche et les zones avoisinantes, qui comptent les plus luxueux h\u00f4tels, restaurants et night-clubs de Tanger, dont les ornements et les d\u00e9corations du Nouvel an ont d\u00e9j\u00e0 \u00e9t\u00e9 r\u00e9alis\u00e9s pour la majorit\u00e9 d\u2019entre eux. \u00ab<em>Nous avons d\u00e8s le d\u00e9but du mois de d\u00e9cembre proc\u00e9d\u00e9 \u00e0 la r\u00e9alisation des d\u00e9corations pour Hilton Garden Inn et Hilton Tanger City Center. Nous venons pour la m\u00eame occasion de lancer des offres sp\u00e9ciales pour ces deux h\u00f4tels<\/em>\u00bb, dit Miryam Achouri, responsable marketing aux Hilton Garden Inn et Hilton Tanger City Center.<\/span><\/p>\n<p class=\"p1\"><span class=\"s1\">Avec un package sp\u00e9cial des f\u00eates de fin d\u2019ann\u00e9e, la direction de ces deux h\u00f4tels propose, selon cette responsable, des menus sp\u00e9cifiques et des groupes musicaux pour la grande soir\u00e9e du 31 d\u00e9cembre (Saint-Sylvestre). Pour les deux h\u00f4tels, <em>\u00abla f\u00eate continue, tr\u00e8s anim\u00e9e, apr\u00e8s minuit, avec un DJ au Bar<\/em>\u00bb, a pr\u00e9cis\u00e9 Mme Achouri. De leur c\u00f4t\u00e9, les p\u00e2tisseries et les chocolateries du centre-ville se sont mises, elles aussi, \u00e0 l\u2019ambiance des f\u00eates de fin d\u2019ann\u00e9e. Elles ont ainsi d\u00e9cor\u00e9 les vitrines de leurs commerces de guirlandes et de lumi\u00e8res. C\u2019est une p\u00e9riode de haute saison pour ce type de commerces. \u00ab<em>Nous attendons impatiemment les f\u00eates du Nouvel an. Nous constatons pendant cette p\u00e9riode une forte reprise de notre activit\u00e9. Nous pr\u00e9parons toutes sortes de g\u00e2teaux pour une client\u00e8le diversifi\u00e9e, de toutes les bourses et tr\u00e8s fid\u00e8les en raison de la qualit\u00e9 de notre p\u00e2tisserie. Nous recevons un grand nombre de commandes pour les tartes la veille du Nouvel an. Car les Marocains consid\u00e8rent No\u00ebl comme la f\u00eate d\u2019Achoura\u00bb<\/em>, a confi\u00e9 un vendeur dans une ancienne p\u00e2tisserie du centre-ville.\u00a0<\/span><\/p>\n<p class=\"p1\"><span class=\"s1\">Les marchands de poissons connaissent, eux aussi, une forte reprise de leur activit\u00e9, leur permettant de voir leur marge de b\u00e9n\u00e9fices augmenter. <em>\u00abNous ferons de notre mieux pour faire face \u00e0 cette traditionnelle pression de la fin d\u2019ann\u00e9e et pouvoir r\u00e9pondre aux go\u00fbts de notre client\u00e8le. Nous devons avoir toutes sortes de poissons surtout les plus vendus en p\u00e9riode des f\u00eates. Nous devons approvisionner les restaurants qui connaissent, de leur c\u00f4t\u00e9, une forte demande pendant cette p\u00e9riode\u00bb,<\/em> a fait savoir un vendeur de poisson au march\u00e9 central.\u00a0<\/span><\/p>\n<p><a href=\"http:\/\/aujourdhui.ma\/wp-content\/uploads\/2019\/12\/Tanger-fe%CC%82tes-de-fin-d%E2%80%99anne%CC%81e-.jpg?x29840\"><img loading=\"lazy\" decoding=\"async\" class=\"size-full wp-image-327949 aligncenter\" src=\"http:\/\/aujourdhui.ma\/wp-content\/uploads\/2019\/12\/Tanger-fe%CC%82tes-de-fin-d%E2%80%99anne%CC%81e-.jpg?x29840\" alt=\"\" width=\"527\" height=\"703\" srcset=\"http:\/\/aujourdhui.ma\/wp-content\/uploads\/2019\/12\/Tanger-fe\u0302tes-de-fin-d\u2019anne\u0301e-.jpg 527w, http:\/\/aujourdhui.ma\/wp-content\/uploads\/2019\/12\/Tanger-fe\u0302tes-de-fin-d\u2019anne\u0301e--225x300.jpg 225w\" sizes=\"auto, (max-width: 527px) 100vw, 527px\"\/><\/a><\/p>\n<p class=\"p1\"><span class=\"s1\">La f\u00eate de fin d\u2019ann\u00e9e est une p\u00e9riode o\u00f9 les tenants d\u2019autres commerces se frottent les mains, parmi lesquels les marchands de fleurs qui pr\u00e9sentent les meilleures fleurs et roses. La majorit\u00e9 de ces d<\/span><span class=\"s1\">erniers fait savoir que ses ventes augmentent en cette p\u00e9riode. Mais ils s\u2019accordent \u00e0 dire qu\u2019avec le d\u00e9c\u00e8s ou le d\u00e9part d\u2019un certain nombre de leurs clients europ\u00e9ens dans leurs pays d\u2019origine, ces ventes ne sont plus ce qu\u2019elles \u00e9taient avant.<\/span><\/p>\n<p>Auteur: Najat Fa\u00efssal<br \/>\n<a href=\"http:\/\/aujourdhui.ma\/economie\/tanger-se-prepare-aux-fetes-de-fin-dannee\">Cliquez ici pour lire l&rsquo;article depuis sa source.<\/a><\/p>\n","protected":false},"excerpt":{"rendered":"<p>Ornements et d\u00e9corations des h\u00f4tels, des restaurants et d\u2019autres commerces annoncent le ton Par sa vocation internationale, Tanger s\u2019appr\u00eate encore cette ann\u00e9e \u00e0 se parer de ses plus beaux habits pour c\u00e9l\u00e9brer No\u00ebl comme il se doit. Mais d\u00e9j\u00e0 l\u2019effervescence des f\u00eates du Nouvel an gagne depuis la mi-d\u00e9cembre les grands centres commerciaux de la [&hellip;]<\/p>\n","protected":false},"author":1759,"featured_media":0,"comment_status":"closed","ping_status":"closed","sticky":false,"template":"","format":"standard","meta":{"fifu_image_url":"","fifu_image_alt":"","footnotes":""},"categories":[73,54],"tags":[],"class_list":["post-71486","post","type-post","status-publish","format-standard","hentry","category-actualite","category-maroc"],"_links":{"self":[{"href":"https:\/\/linitiative.ca\/International\/wp-json\/wp\/v2\/posts\/71486","targetHints":{"allow":["GET"]}}],"collection":[{"href":"https:\/\/linitiative.ca\/International\/wp-json\/wp\/v2\/posts"}],"about":[{"href":"https:\/\/linitiative.ca\/International\/wp-json\/wp\/v2\/types\/post"}],"author":[{"embeddable":true,"href":"https:\/\/linitiative.ca\/International\/wp-json\/wp\/v2\/users\/1759"}],"replies":[{"embeddable":true,"href":"https:\/\/linitiative.ca\/International\/wp-json\/wp\/v2\/comments?post=71486"}],"version-history":[{"count":0,"href":"https:\/\/linitiative.ca\/International\/wp-json\/wp\/v2\/posts\/71486\/revisions"}],"wp:attachment":[{"href":"https:\/\/linitiative.ca\/International\/wp-json\/wp\/v2\/media?parent=71486"}],"wp:term":[{"taxonomy":"category","embeddable":true,"href":"https:\/\/linitiative.ca\/International\/wp-json\/wp\/v2\/categories?post=71486"},{"taxonomy":"post_tag","embeddable":true,"href":"https:\/\/linitiative.ca\/International\/wp-json\/wp\/v2\/tags?post=71486"}],"curies":[{"name":"wp","href":"https:\/\/api.w.org\/{rel}","templated":true}]}}