{"id":71487,"date":"2019-12-28T02:08:03","date_gmt":"2019-12-28T07:08:03","guid":{"rendered":"https:\/\/linitiative.ca\/International\/ben-slimane-il-kidnappe-sequestre-et-viole-une-mere-de-famille-enceinte\/"},"modified":"2019-12-28T02:08:03","modified_gmt":"2019-12-28T07:08:03","slug":"ben-slimane-il-kidnappe-sequestre-et-viole-une-mere-de-famille-enceinte","status":"publish","type":"post","link":"https:\/\/linitiative.ca\/International\/ben-slimane-il-kidnappe-sequestre-et-viole-une-mere-de-famille-enceinte\/","title":{"rendered":"Ben Slimane : Il kidnappe, s\u00e9questre  et viole une m\u00e8re de famille enceinte"},"content":{"rendered":"<p><img decoding=\"async\" class=\"post_layout_5_img\" src=\"http:\/\/aujourdhui.ma\/wp-content\/uploads\/2019\/12\/kidnappe-Viol-Femme.jpg?x29840\" alt=\"Ben Slimane : Il kidnappe, s\u00e9questre et viole une m\u00e8re de famille enceinte\"\/><\/p>\n<p class=\"p1\"><span class=\"s1\"><span class=\"c4\"><strong>Enceinte, de sept mois, elle continue encore \u00e0 se rendre \u00e0 son emploi, \u00e0 Ben Slimane.<\/strong><\/span><\/span> <span id=\"more-327947\"\/><\/p>\n<p class=\"p1\"><span class=\"s1\">Pour gagner sa vie et subvenir aux besoins de sa petite famille, elle se retrouve oblig\u00e9e de travailler dans un caf\u00e9 de la ville. De coutume, elle quitte son domicile tr\u00e8s t\u00f4t le matin pour ne rebrousser chemin que tard dans la soir\u00e9e. Seulement, ce jeudi de la troisi\u00e8me semaine du mois en cours, elle ne se rend pas \u00e0 son emploi. Le patron du caf\u00e9 l\u2019appelle au t\u00e9l\u00e9phone. Mais en vain. Pas de r\u00e9ponse. Il fallait attendre vers midi pour que sa famille re\u00e7oive un appel d\u2019un h\u00f4pital o\u00f9 on l\u2019informe que leur proche s\u2019y trouve dans un \u00e9tat de sant\u00e9 tr\u00e8s critique. Que lui est-il arriv\u00e9 ?<\/span><\/p>\n<p class=\"p1\"><span class=\"s1\">Ce jeudi-l\u00e0, comme d\u2019habitude elle sort de chez elle, vers 7 h du matin, et se dirige vers le caf\u00e9 pour commencer sa journ\u00e9e de travail. Ce n\u2019est pas la premi\u00e8re fois qu\u2019elle parcourt toute seule ce trajet. C\u2019est pour cela qu\u2019elle \u00e9tait loin d\u2019imaginer le calvaire qu\u2019elle allait endurer. Un jeune homme se plante soudain devant elle. Mais elle n\u2019est pas effray\u00e9e du fait qu\u2019il est un voisin du quartier et donc il ne lui veut pas du mal.<\/span><\/p>\n<p class=\"p1\"><span class=\"s1\">Mais elle se trompait lourdement. Sans crier gare, il lui met un couteau sous les aisselles et lui demande de l\u2019accompagner sans piper mot. Terrifi\u00e9e et ne sachant \u00e0 quel saint se vouer, elle obtemp\u00e8re et l\u2019accompagne jusqu\u2019\u00e0 la ceinture foresti\u00e8re, jouxtant le quartier Al Hassani.<\/span><\/p>\n<p class=\"p1\"><span class=\"s1\">L\u00e0, il la viole sans vergogne ne prenant m\u00eame pas en consid\u00e9ration qu\u2019elle est enceinte. Apr\u00e8s quoi, il la conduit jusqu\u2019au domicile de ses parents pour l\u2019obliger \u00e0 monter sur la terrasse. Et il<span class=\"Apple-converted-space\">\u00a0<\/span> continue \u00e0 abuser d\u2019elle avant de la jeter enfin \u00e0 la rue. Dans un \u00e9tat lamentable elle se rend directement aux services des urgences de l\u2019h\u00f4pital Hassan II, \u00e0 Ben Slimane. Une plainte est port\u00e9e ensuite pour que le mis en cause soit arr\u00eat\u00e9 et traduit, apr\u00e8s son interrogatoire, devant le parquet g\u00e9n\u00e9ral pr\u00e8s la Cour d\u2019appel de Casablanca. <span class=\"Apple-converted-space\">\u00a0 \u00a0<\/span><\/span><\/p>\n<p>Auteur: Abderrafii ALOUMLIKI<br \/>\n<a href=\"http:\/\/aujourdhui.ma\/faits-divers\/ben-slimane-il-kidnappe-sequestre-et-viole-une-mere-de-famille-enceinte\">Cliquez ici pour lire l&rsquo;article depuis sa source.<\/a><\/p>\n","protected":false},"excerpt":{"rendered":"<p>Enceinte, de sept mois, elle continue encore \u00e0 se rendre \u00e0 son emploi, \u00e0 Ben Slimane. Pour gagner sa vie et subvenir aux besoins de sa petite famille, elle se retrouve oblig\u00e9e de travailler dans un caf\u00e9 de la ville. De coutume, elle quitte son domicile tr\u00e8s t\u00f4t le matin pour ne rebrousser chemin que [&hellip;]<\/p>\n","protected":false},"author":1759,"featured_media":0,"comment_status":"closed","ping_status":"closed","sticky":false,"template":"","format":"standard","meta":{"fifu_image_url":"","fifu_image_alt":"","footnotes":""},"categories":[73,54],"tags":[],"class_list":["post-71487","post","type-post","status-publish","format-standard","hentry","category-actualite","category-maroc"],"_links":{"self":[{"href":"https:\/\/linitiative.ca\/International\/wp-json\/wp\/v2\/posts\/71487","targetHints":{"allow":["GET"]}}],"collection":[{"href":"https:\/\/linitiative.ca\/International\/wp-json\/wp\/v2\/posts"}],"about":[{"href":"https:\/\/linitiative.ca\/International\/wp-json\/wp\/v2\/types\/post"}],"author":[{"embeddable":true,"href":"https:\/\/linitiative.ca\/International\/wp-json\/wp\/v2\/users\/1759"}],"replies":[{"embeddable":true,"href":"https:\/\/linitiative.ca\/International\/wp-json\/wp\/v2\/comments?post=71487"}],"version-history":[{"count":0,"href":"https:\/\/linitiative.ca\/International\/wp-json\/wp\/v2\/posts\/71487\/revisions"}],"wp:attachment":[{"href":"https:\/\/linitiative.ca\/International\/wp-json\/wp\/v2\/media?parent=71487"}],"wp:term":[{"taxonomy":"category","embeddable":true,"href":"https:\/\/linitiative.ca\/International\/wp-json\/wp\/v2\/categories?post=71487"},{"taxonomy":"post_tag","embeddable":true,"href":"https:\/\/linitiative.ca\/International\/wp-json\/wp\/v2\/tags?post=71487"}],"curies":[{"name":"wp","href":"https:\/\/api.w.org\/{rel}","templated":true}]}}