{"id":71489,"date":"2019-12-28T02:12:43","date_gmt":"2019-12-28T07:12:43","guid":{"rendered":"https:\/\/linitiative.ca\/International\/ahmed-farissi-ecrit-pour-guerir-et-publie-pour-soigner\/"},"modified":"2019-12-28T02:12:43","modified_gmt":"2019-12-28T07:12:43","slug":"ahmed-farissi-ecrit-pour-guerir-et-publie-pour-soigner","status":"publish","type":"post","link":"https:\/\/linitiative.ca\/International\/ahmed-farissi-ecrit-pour-guerir-et-publie-pour-soigner\/","title":{"rendered":"Ahmed Farissi \u00e9crit pour gu\u00e9rir et publie pour soigner"},"content":{"rendered":"<p><img decoding=\"async\" class=\"post_layout_5_img\" src=\"http:\/\/aujourdhui.ma\/wp-content\/uploads\/2019\/12\/Ahmed-Farissi-L%E2%80%99enfant-qui-voulait-mourir.jpg?x29840\" alt=\"Ahmed Farissi \u00e9crit pour gu\u00e9rir et publie pour soigner\"\/><\/p>\n<p class=\"p1\"><span class=\"c5\"><strong><span class=\"c4\"><em>Il vient de sortir \u00abL\u2019enfant qui voulait mourir\u00bb<\/em><\/span><\/strong><\/span><span id=\"more-327977\"\/><\/p>\n<div class=\"base-box mom_box_sc_custom mom_box_sc clear c6\" readability=\"13\">\n<p class=\"p1\"><span class=\"s1\"><em><strong>Pour lui, tout le monde a v\u00e9cu une histoire qui a mal fini sans avoir le moral, c\u2019est pourquoi sa publication se veut, sans raconter sa propre histoire, d\u2019aider les autres \u00e0 faire le deuil pour mener leur vie.<\/strong><\/em><\/span><\/p>\n<\/div>\n<p class=\"p2\"><span class=\"s1\">A son \u00e2ge adulte, Ahmed Farissi se glisse dans la peau d\u2019un enfant dans son nouveau roman. Apr\u00e8s plein de sagesses, v\u00e9hicul\u00e9es de mani\u00e8re tant\u00f4t hilarante tant\u00f4t naturelle, il laisse voir que c\u2019est lui \u00abL\u2019enfant qui voulait mourir\u00bb. Une mani\u00e8re d\u2019inciter \u00e0 faire face aux m\u00e9andres de la vie. D\u2019o\u00f9 ce livre dans lequel tout lecteur peut se retrouver et trouver son compte. <em>\u00abCe sont des pens\u00e9es et des courtes nouvelles que j\u2019ai \u00e9crites en miroir pour raconter ce que je pense de la vie\u00bb,<\/em> pr\u00e9cise l\u2019auteur. Dans \u00abL\u2019enfant qui voulait mourir\u00bb, il y a m\u00eame un chapitre qui s\u2019intitule \u00abMiroir\u00bb. <em>\u00abChacun est miroir de l\u2019autre\u00bb,<\/em> commente-t-il. A la fin de chaque pens\u00e9e, des pointill\u00e9s s\u2019encha\u00eenent <em>\u00abpour que le lecteur puisse compl\u00e9ter et \u00e9crire ses avis\u00bb. \u00abChaque chapitre est con\u00e7u pour \u00eatre rapidement assimil\u00e9 en sortant avec une morale\u00bb,<\/em> poursuit-il. Pour lui, tout le monde a v\u00e9cu une histoire qui a mal fini sans avoir le moral, c\u2019est pourquoi sa publication se veut, sans raconter sa propre histoire, d\u2019aider les autres \u00e0 faire le deuil pour mener leur vie.<\/span><\/p>\n<p class=\"p2\"><span class=\"s1\">Au fil des pages, le lecteur a l\u2019impression de lire une prose philosophique. <em>\u00abJe l\u2019ai \u00e9crit pour qu\u2019il soit rythm\u00e9. C\u2019est mon style\u00bb,<\/em> ajoute-t-il. Aussi, le roman, qui v\u00e9hicule \u00e9galement des conseils, est illustr\u00e9 de photos de l\u2019auteur, m\u00eame en quatri\u00e8me de couverture, qui justifie sa d\u00e9marche par l\u2019aide au lecteur de \u00absortir du texte\u00bb. \u00ab<em>Nous sommes dans une \u00e8re de photos. Ces photos aident \u00e9galement \u00e0 v\u00e9hiculer des messages\u00bb,<\/em> poursuit l\u2019auteur, \u00e9galement m\u00e9decin externe en 6\u00e8me ann\u00e9e. Dans ces illustrations, tant\u00f4t Ahmed Farissi qualifi\u00e9 le temps de conf\u00e9rences de \u00abm\u00e9decin philosophe\u00bb, est d\u00e9contract\u00e9, tant\u00f4t il ne l\u2019est pas. <em>\u00abLe m\u00e9decin est un \u00eatre humain qui peut tomber malade. Il m\u2019arrive, ce qui arrive aux autres\u00bb,<\/em> commente-t-il. Tout comme chaque personne, l\u2019\u00e9crivain dit vivre les rapports \u00e0 la solitude, l\u2019angoisse, la d\u00e9ception, voire \u00e0 l\u2019amiti\u00e9. <em>\u00abJ\u2019ai \u00e9crit pour que tout individu puisse se retrouver au-del\u00e0 de mon histoire. Mon objectif est d\u2019\u00e9crire pour gu\u00e9rir et publier pour soigner\u00bb,<\/em> ajoute l\u2019auteur. Pour l\u2019heure, il a anim\u00e9 plus de 60 conf\u00e9rences autour de son \u0153uvre. Pour lui, de telles rencontres donnent de la \u00abcr\u00e9dibilit\u00e9\u00bb \u00e0 son \u00e9crit \u00e9dit\u00e9 depuis un mois. Cette p\u00e9riode \u00e9tait suffisante pour le classer comme best-seller dans les bonnes librairies, du pays notamment celle du 3\u00e8me mill\u00e9naire \u00e0 Rabat. Son livre est \u00e9galement bien vendu \u00e0 F\u00e8s, Tanger et Casablanca.<span class=\"Apple-converted-space\">\u00a0 \u00a0 \u00a0<\/span><\/span><\/p>\n<p class=\"p2\"><span class=\"s1\">Et ce n\u2019est pas tout. L\u2019\u00e9crivain ne manque pas de se confier sur la port\u00e9e de la publication auto\u00e9dit\u00e9e en \u00e9troite collaboration avec l\u2019entreprise<span class=\"Apple-converted-space\">\u00a0<\/span> Vosch. <em>\u00abLe livre s\u2019est voulu sinc\u00e8re face \u00e0 la nature humaine, voire \u00e0 mes erreurs. Il est destin\u00e9 \u00e0 aider les personnes qui se trouvent dans une impasse pour qu\u2019elles sachent qu\u2019il y a de l\u2019espoir\u00bb<\/em>, exalte-t-il.<\/span><\/p>\n<p>Auteur: Salima Guisser<br \/>\n<a href=\"http:\/\/aujourdhui.ma\/culture\/livre\/ahmed-farissi-ecrit-pour-guerir-et-publie-pour-soigner\">Cliquez ici pour lire l&rsquo;article depuis sa source.<\/a><\/p>\n","protected":false},"excerpt":{"rendered":"<p>Il vient de sortir \u00abL\u2019enfant qui voulait mourir\u00bb Pour lui, tout le monde a v\u00e9cu une histoire qui a mal fini sans avoir le moral, c\u2019est pourquoi sa publication se veut, sans raconter sa propre histoire, d\u2019aider les autres \u00e0 faire le deuil pour mener leur vie. A son \u00e2ge adulte, Ahmed Farissi se glisse [&hellip;]<\/p>\n","protected":false},"author":1759,"featured_media":0,"comment_status":"closed","ping_status":"closed","sticky":false,"template":"","format":"standard","meta":{"fifu_image_url":"","fifu_image_alt":"","footnotes":""},"categories":[73,54],"tags":[],"class_list":["post-71489","post","type-post","status-publish","format-standard","hentry","category-actualite","category-maroc"],"_links":{"self":[{"href":"https:\/\/linitiative.ca\/International\/wp-json\/wp\/v2\/posts\/71489","targetHints":{"allow":["GET"]}}],"collection":[{"href":"https:\/\/linitiative.ca\/International\/wp-json\/wp\/v2\/posts"}],"about":[{"href":"https:\/\/linitiative.ca\/International\/wp-json\/wp\/v2\/types\/post"}],"author":[{"embeddable":true,"href":"https:\/\/linitiative.ca\/International\/wp-json\/wp\/v2\/users\/1759"}],"replies":[{"embeddable":true,"href":"https:\/\/linitiative.ca\/International\/wp-json\/wp\/v2\/comments?post=71489"}],"version-history":[{"count":0,"href":"https:\/\/linitiative.ca\/International\/wp-json\/wp\/v2\/posts\/71489\/revisions"}],"wp:attachment":[{"href":"https:\/\/linitiative.ca\/International\/wp-json\/wp\/v2\/media?parent=71489"}],"wp:term":[{"taxonomy":"category","embeddable":true,"href":"https:\/\/linitiative.ca\/International\/wp-json\/wp\/v2\/categories?post=71489"},{"taxonomy":"post_tag","embeddable":true,"href":"https:\/\/linitiative.ca\/International\/wp-json\/wp\/v2\/tags?post=71489"}],"curies":[{"name":"wp","href":"https:\/\/api.w.org\/{rel}","templated":true}]}}