{"id":71490,"date":"2019-12-28T09:00:27","date_gmt":"2019-12-28T14:00:27","guid":{"rendered":"https:\/\/linitiative.ca\/International\/crise-libyenne-des-specialistes-appellent-a-la-neutralite\/"},"modified":"2019-12-28T09:00:27","modified_gmt":"2019-12-28T14:00:27","slug":"crise-libyenne-des-specialistes-appellent-a-la-neutralite","status":"publish","type":"post","link":"https:\/\/linitiative.ca\/International\/crise-libyenne-des-specialistes-appellent-a-la-neutralite\/","title":{"rendered":"Crise libyenne\u00a0: Des sp\u00e9cialistes appellent \u00e0 la neutralit\u00e9"},"content":{"rendered":"<p>Des sp\u00e9cialistes de la question libyenne ont estim\u00e9 que l\u2019acc\u00e9l\u00e9ration des \u00e9v\u00e8nements dans ce pays, aura, sans doute, des r\u00e9percussions sur la Tunisie. Ils ont appel\u00e9 \u00e0 poursuivre les efforts politiques sur la base de la neutralit\u00e9 sans se laisser entrainer dans la politique des axes. Dans des d\u00e9clarations, ils ont insist\u00e9 sur l\u2019importance pour la Tunisie de rester \u00e0 \u00e9quidistance des diff\u00e9rentes factions libyennes, pr\u00e9conisant une position unifi\u00e9e bannissant toute ing\u00e9rence militaire \u00e9trang\u00e8re. Le politologue Jemii Guesmi a qualifi\u00e9 de graves les d\u00e9veloppements en Libye. Selon lui, des changements sont pr\u00e9visibles sur le terrain et atteindront la ville de Misrata. Ce qui signifie que le danger est imminent et que la Tunisie doit de pr\u00e9parer \u00e0 cette \u00e9ventualit\u00e9 au double pan s\u00e9curitaire et diplomatique. L\u2019expert n\u2019a pas cach\u00e9 la crainte de voir la situation en Libye \u00e9voluer vers un conflit touchant toute la r\u00e9gion m\u00e9diterran\u00e9enne, au regard du nombre croissant des interventions \u00e9trang\u00e8res dans ce dossier. Il consid\u00e8re que la position turque de ce dossier est de nature \u00e0 approfondir davantage la crise dont les incidences seront, selon lui, consid\u00e9rables sur les pays du voisinage dont particuli\u00e8rement la Tunisie au niveau \u00e9conomique, social, s\u00e9curitaire et militaire. Et d\u2019ajouter que ces craintes l\u00e9gitimes ont pouss\u00e9 la diplomatie tunisienne \u00e0 agir \u00e0 travers les rencontres du pr\u00e9sident de la R\u00e9publique avec plusieurs acteurs libyens dans la perspective de r\u00e9tablir le r\u00f4le naturel de la Tunisie. La position de la Tunisie, exprim\u00e9e la veille par le pr\u00e9sident de la R\u00e9publique Ka\u00efs Sa\u00efed, est judicieuse. Mais, il faut la soutenir par des actions sur le terrain tout en insistant sur l\u2019imp\u00e9ratif de parvenir \u00e0 une solution pacifique loin de toute intervention \u00e9trang\u00e8re en Libye. Jemii Guesmi a mis l\u2019accent sur le besoin de coordination avec les pays du voisinage: l\u2019Alg\u00e9rie et l\u2019Egypte, pour relancer l\u2019initiative tripartite de la Tunisie (celle propos\u00e9e par feu B\u00e9ji Ca\u00efd Essebsi), pour parvenir \u00e0 une solution r\u00e9unissant toutes les parties libyennes. Il a rappel\u00e9, dans le m\u00eame ordre d\u2019id\u00e9es, que l\u2019initiative de l\u2019ancien pr\u00e9sident de la R\u00e9publique, feu Ca\u00efd Essebsi, a permis de franchir d\u2019importants pas et a eu un large \u00e9cho au niveau arabe et africain. De son c\u00f4t\u00e9, Rafa\u00e2 Tabib, expert en g\u00e9opolitique, a indiqu\u00e9 que l\u2019acc\u00e9l\u00e9ration des \u00e9v\u00e8nements en Libye pourrait conduire \u00e0 deux \u00e9ventualit\u00e9s : soit une intervention directe des forces r\u00e9gionales en Libye, soit un nouvel \u00e9quilibre des forces et une redistribution des cartes. Selon lui, la conf\u00e9rence de Berlin sera d\u00e9cisive quant \u00e0 la situation future de la Libye. Tabib a appel\u00e9 \u00e0 la n\u00e9cessit\u00e9 de garder le dossier libyen loin des tiraillements partisans et \u00e0 ne pas se laisser entrainer par les divisions en Libye. D\u2019apr\u00e8s lui, le pr\u00e9sident de la R\u00e9publique devrait appeler \u00e0 un accord entre toutes les parties libyennes et d\u00e9fendre le principe de la non-ing\u00e9rence, m\u00eame militaire, en Libye. La Tunisie doit se tenir \u00e0 \u00e9gale distance de toutes les parties, a-t-il estim\u00e9. Pour Rafa\u00e2 Tabib, la Tunisie doit imp\u00e9rativement \u0153uvrer, concr\u00e8tement, \u00e0 une solution pacifique \u00e0 la crise en Libye. Elle doit adopter une position unifi\u00e9e face \u00e0 toute intervention \u00e9trang\u00e8re en Libye, a-t-il dit, insistant sur l\u2019imp\u00e9ratif d\u2019un cessez-le-feu pour \u00e9loigner toute id\u00e9e d\u2019intervention \u00e9trang\u00e8re.<\/p>\n<p class=\"dpsp-share-text\">Partager c&rsquo;est aimer!<\/p>\n<div class=\"wp-post-author-wrap wp-post-author-shortcode left\">\n<h3 class=\"awpa-title\"\/>\n<div class=\"wp-post-author\">\n<div class=\"awpa-img awpa-author-block square\"><a href=\"http:\/\/lexpertjournal.net\/fr\/author\/expert\/\"><img loading=\"lazy\" decoding=\"async\" alt=\"\" src=\"http:\/\/0.gravatar.com\/avatar\/c828f0b17d24309f0d01a4eac3747085?s=150&#038;d=mm&#038;r=g\" srcset=\"http:\/\/0.gravatar.com\/avatar\/c828f0b17d24309f0d01a4eac3747085?s=300&#038;d=mm&#038;r=g 2x\" class=\"avatar avatar-150 photo\" height=\"150\" width=\"150\"\/><\/a><\/div>\n<\/div>\n<\/div>\n<p>Auteur: L&rsquo;expert<br \/>\n<a href=\"http:\/\/lexpertjournal.net\/fr\/2019\/12\/28\/crise-libyenne-des-specialistes-appellent-a-la-neutralite\/\">Cliquez ici pour lire l&rsquo;article depuis sa source.<\/a><\/p>\n","protected":false},"excerpt":{"rendered":"<p>Des sp\u00e9cialistes de la question libyenne ont estim\u00e9 que l\u2019acc\u00e9l\u00e9ration des \u00e9v\u00e8nements dans ce pays, aura, sans doute, des r\u00e9percussions sur la Tunisie. Ils ont appel\u00e9 \u00e0 poursuivre les efforts politiques sur la base de la neutralit\u00e9 sans se laisser entrainer dans la politique des axes. Dans des d\u00e9clarations, ils ont insist\u00e9 sur l\u2019importance pour [&hellip;]<\/p>\n","protected":false},"author":1775,"featured_media":0,"comment_status":"closed","ping_status":"closed","sticky":false,"template":"","format":"standard","meta":{"fifu_image_url":"","fifu_image_alt":"","footnotes":""},"categories":[78,55],"tags":[],"class_list":["post-71490","post","type-post","status-publish","format-standard","hentry","category-economie","category-tunisie"],"_links":{"self":[{"href":"https:\/\/linitiative.ca\/International\/wp-json\/wp\/v2\/posts\/71490","targetHints":{"allow":["GET"]}}],"collection":[{"href":"https:\/\/linitiative.ca\/International\/wp-json\/wp\/v2\/posts"}],"about":[{"href":"https:\/\/linitiative.ca\/International\/wp-json\/wp\/v2\/types\/post"}],"author":[{"embeddable":true,"href":"https:\/\/linitiative.ca\/International\/wp-json\/wp\/v2\/users\/1775"}],"replies":[{"embeddable":true,"href":"https:\/\/linitiative.ca\/International\/wp-json\/wp\/v2\/comments?post=71490"}],"version-history":[{"count":0,"href":"https:\/\/linitiative.ca\/International\/wp-json\/wp\/v2\/posts\/71490\/revisions"}],"wp:attachment":[{"href":"https:\/\/linitiative.ca\/International\/wp-json\/wp\/v2\/media?parent=71490"}],"wp:term":[{"taxonomy":"category","embeddable":true,"href":"https:\/\/linitiative.ca\/International\/wp-json\/wp\/v2\/categories?post=71490"},{"taxonomy":"post_tag","embeddable":true,"href":"https:\/\/linitiative.ca\/International\/wp-json\/wp\/v2\/tags?post=71490"}],"curies":[{"name":"wp","href":"https:\/\/api.w.org\/{rel}","templated":true}]}}