{"id":71491,"date":"2019-12-28T09:07:10","date_gmt":"2019-12-28T14:07:10","guid":{"rendered":"https:\/\/linitiative.ca\/International\/archeologie-islamique-fouilles-sur-le-site-de-ksar-essayda-a-monastir-pour-retrouver-la-mosquee-aghlabide\/"},"modified":"2019-12-28T09:07:10","modified_gmt":"2019-12-28T14:07:10","slug":"archeologie-islamique-fouilles-sur-le-site-de-ksar-essayda-a-monastir-pour-retrouver-la-mosquee-aghlabide","status":"publish","type":"post","link":"https:\/\/linitiative.ca\/International\/archeologie-islamique-fouilles-sur-le-site-de-ksar-essayda-a-monastir-pour-retrouver-la-mosquee-aghlabide\/","title":{"rendered":"Arch\u00e9ologie islamique\u00a0: Fouilles sur le site de Ksar Essayda \u00e0 Monastir pour retrouver la mosqu\u00e9e aghlabide"},"content":{"rendered":"<p>Une \u00e9quipe de l\u2019Institut National du Patrimoine (INP), dirig\u00e9e par l\u2019arch\u00e9ologue et chercheur Fathi Bahr, poursuit des fouilles arch\u00e9ologiques autour de \u00ab Ksar Essayda \u00bb \u00e0 Monastir. Fathi Bahri a d\u00e9clar\u00e9 que \u00ab les fouilles, entam\u00e9es en d\u00e9but de semaine, sont actuellement concentr\u00e9es sur l\u2019angle ext\u00e9rieur de la forteresse militaire aux tours octogonales pour retrouver les traces de la mosqu\u00e9e aghlabide \u00bb. Au sujet de la datation des objets de poterie trouv\u00e9s, Fathi Bahri pr\u00e9cise qu\u2019ils remontent aux dynasties Fatimide et Ziride, \u00e0 l\u2019exception de deux fragments de poterie aghlabides. Il a \u00e9galement relev\u00e9 la pr\u00e9sence d\u2019un fragment de c\u00e9ramique en lustre m\u00e9tallique datant de la Dynastie Fatimide, qu\u2019il a qualifi\u00e9 d\u2019objet de luxe qui \u00e9tait largement r\u00e9pandu en cette p\u00e9riode de r\u00e8gne des Fatimides et qu\u2019on trouve sur la fa\u00e7ade de la mosqu\u00e9e de Okba Ibn Nafaa \u00e0 Kairouan. Les chercheurs ont \u00e9galement relev\u00e9 les traces d\u2019un b\u00e2timent de l\u2019\u00e9poque aghlabide en plus d\u2019un puits et d\u2019un r\u00e9servoir d\u2019eau de la m\u00eame \u00e9poque, trouv\u00e9s sur la partie nord-ouest du site. Les fouilles se poursuivent, les estimations indiquant une possible pr\u00e9sence d\u2019autres constructions aghlabides et fatimides proches du lieu de la mosqu\u00e9e aghlabide. Selon Fathi Bahri, \u00ab les fouilles ont r\u00e9v\u00e9l\u00e9es que le mur de la forteresse \u00e9rig\u00e9 \u00e0 l\u2019\u00e9poque fatimide, a \u00e9t\u00e9 construit sur le mihrab alors que les restes de constructions trouv\u00e9es contiennent de la poterie datant du milieu du 4\u00e8me si\u00e8cle de l\u2019h\u00e9gire, correspondant au milieu du 10\u00e8me si\u00e8cle \u00bb. Les fouilles \u00e0 l\u2019int\u00e9rieur de la forteresse militaire ont pr\u00e9c\u00e9demment r\u00e9v\u00e9l\u00e9 les traces d\u2019un quartier artisanal de fabrication de bijoux en verre ainsi que de la poterie. Selon les \u00e9l\u00e9ments r\u00e9v\u00e9l\u00e9s, cette forteresse construite sur le site qui abritait la mosqu\u00e9e aghlabide avait \u00e9t\u00e9 transform\u00e9e en un quartier artisanal. \u00ab Ksar Essayda \u00bb \u00e0 Monastir comprend des \u00e9l\u00e9ments datant de plusieurs \u00e9poques et les fouilles actuelles r\u00e9v\u00e8lent de nouvelles donn\u00e9es autour de l\u2019histoire de la ville de Monastir.<\/p>\n<p class=\"dpsp-share-text\">Partager c&rsquo;est aimer!<\/p>\n<div class=\"wp-post-author-wrap wp-post-author-shortcode left\">\n<h3 class=\"awpa-title\"\/>\n<div class=\"wp-post-author\">\n<div class=\"awpa-img awpa-author-block square\"><a href=\"http:\/\/lexpertjournal.net\/fr\/author\/expert\/\"><img loading=\"lazy\" decoding=\"async\" alt=\"\" src=\"http:\/\/0.gravatar.com\/avatar\/c828f0b17d24309f0d01a4eac3747085?s=150&#038;d=mm&#038;r=g\" srcset=\"http:\/\/0.gravatar.com\/avatar\/c828f0b17d24309f0d01a4eac3747085?s=300&#038;d=mm&#038;r=g 2x\" class=\"avatar avatar-150 photo\" height=\"150\" width=\"150\"\/><\/a><\/div>\n<\/div>\n<\/div>\n<p>Auteur: L&rsquo;expert<br \/>\n<a href=\"http:\/\/lexpertjournal.net\/fr\/2019\/12\/28\/archeologie-islamique-fouilles-sur-le-site-de-ksar-essayda-a-monastir-pour-retrouver-la-mosquee-aghlabide\/\">Cliquez ici pour lire l&rsquo;article depuis sa source.<\/a><\/p>\n","protected":false},"excerpt":{"rendered":"<p>Une \u00e9quipe de l\u2019Institut National du Patrimoine (INP), dirig\u00e9e par l\u2019arch\u00e9ologue et chercheur Fathi Bahr, poursuit des fouilles arch\u00e9ologiques autour de \u00ab Ksar Essayda \u00bb \u00e0 Monastir. Fathi Bahri a d\u00e9clar\u00e9 que \u00ab les fouilles, entam\u00e9es en d\u00e9but de semaine, sont actuellement concentr\u00e9es sur l\u2019angle ext\u00e9rieur de la forteresse militaire aux tours octogonales pour retrouver [&hellip;]<\/p>\n","protected":false},"author":1775,"featured_media":0,"comment_status":"closed","ping_status":"closed","sticky":false,"template":"","format":"standard","meta":{"fifu_image_url":"","fifu_image_alt":"","footnotes":""},"categories":[78,55],"tags":[],"class_list":["post-71491","post","type-post","status-publish","format-standard","hentry","category-economie","category-tunisie"],"_links":{"self":[{"href":"https:\/\/linitiative.ca\/International\/wp-json\/wp\/v2\/posts\/71491","targetHints":{"allow":["GET"]}}],"collection":[{"href":"https:\/\/linitiative.ca\/International\/wp-json\/wp\/v2\/posts"}],"about":[{"href":"https:\/\/linitiative.ca\/International\/wp-json\/wp\/v2\/types\/post"}],"author":[{"embeddable":true,"href":"https:\/\/linitiative.ca\/International\/wp-json\/wp\/v2\/users\/1775"}],"replies":[{"embeddable":true,"href":"https:\/\/linitiative.ca\/International\/wp-json\/wp\/v2\/comments?post=71491"}],"version-history":[{"count":0,"href":"https:\/\/linitiative.ca\/International\/wp-json\/wp\/v2\/posts\/71491\/revisions"}],"wp:attachment":[{"href":"https:\/\/linitiative.ca\/International\/wp-json\/wp\/v2\/media?parent=71491"}],"wp:term":[{"taxonomy":"category","embeddable":true,"href":"https:\/\/linitiative.ca\/International\/wp-json\/wp\/v2\/categories?post=71491"},{"taxonomy":"post_tag","embeddable":true,"href":"https:\/\/linitiative.ca\/International\/wp-json\/wp\/v2\/tags?post=71491"}],"curies":[{"name":"wp","href":"https:\/\/api.w.org\/{rel}","templated":true}]}}