{"id":71494,"date":"2019-12-28T13:00:27","date_gmt":"2019-12-28T18:00:27","guid":{"rendered":"https:\/\/linitiative.ca\/International\/classement-de-cinq-forts-en-2019-a-oran-une-bouffee-doxygene-pour-la-rehabilitation-de-ces-monuments\/"},"modified":"2019-12-28T13:00:27","modified_gmt":"2019-12-28T18:00:27","slug":"classement-de-cinq-forts-en-2019-a-oran-une-bouffee-doxygene-pour-la-rehabilitation-de-ces-monuments","status":"publish","type":"post","link":"https:\/\/linitiative.ca\/International\/classement-de-cinq-forts-en-2019-a-oran-une-bouffee-doxygene-pour-la-rehabilitation-de-ces-monuments\/","title":{"rendered":"Classement de cinq forts en 2019 \u00e0 Oran: une bouff\u00e9e d&rsquo;oxyg\u00e8ne pour la r\u00e9habilitation de ces monuments"},"content":{"rendered":"<div readability=\"38\">\n<p><strong>ORAN- Le classement, pour la premi\u00e8re fois \u00e0 Oran, de cinq forts dans la liste du patrimoine national est une \u00ab\u00a0bouff\u00e9e d&rsquo;oxyg\u00e8ne\u00a0\u00bb susceptible de donner un nouveau souffle \u00e0 ces sites, qui repr\u00e9sentent\u00a0autant de t\u00e9moins d&rsquo;\u00e9v\u00e9nements historiques importants dans la capitale de l&rsquo;Ouest du pays.<\/strong><\/p>\n<\/div>\n<div readability=\"153.5\">\n<p>R\u00e9alis\u00e9 d\u00e9but 2019, le classement simultan\u00e9ment de ces forts constitue un \u00e9v\u00e9nement remarquable r\u00e9compensant tous ceux qui ont fourni des efforts et un nouveau d\u00e9part pour \u00ab\u00a0d\u00e9poussi\u00e9rer\u00a0\u00bb ces sites et les r\u00e9habiliter, a indiqu\u00e9 \u00e0 l&rsquo;APS le responsable de l&rsquo;antenne de l&rsquo;Office national de gestion et d&rsquo;exploitation des biens culturels prot\u00e9g\u00e9s, Massinissa Ourabah.<\/p>\n<blockquote readability=\"16\">\n<p><em><strong>Le classement de ces sites comme biens historiques prot\u00e9g\u00e9s, approuv\u00e9 par la commission nationale sp\u00e9cialis\u00e9e relevant du minist\u00e8re de la Culture, concerne le fort de Santa Cruz sur les hauteurs du mont Murdjadjo, le fort \u00ab\u00a0Saint Gr\u00e9goire\u00a0\u00bb dans la for\u00eat du m\u00eame mont, le fort \u00ab\u00a0San Pedro\u00a0\u00bb \u00e0 ha\u00ef Es-sanawbar (ex Planteurs), le fort \u00ab\u00a0San Diego\u00a0\u00bb \u00e0 ha\u00ef \u00ab\u00a0Bab El Hamra\u00a0\u00bb et le fort \u00ab\u00a0Rozalcazar\u00a0\u00bb, plus connu comme le Palais Rouge, au centre-ville d&rsquo;Oran, a pr\u00e9cis\u00e9 M. Ourabah.<\/strong><\/em><\/p>\n<\/blockquote>\n<p>\u00a0Les cinq forts historiques font partie de l&rsquo;ancien syst\u00e8me de d\u00e9fense de la ville d&rsquo;Oran qui comprend 12 sites historiques. Il s&rsquo;agit ainsi d&rsquo;un patrimoine qui, selon M.Ourabah, t\u00e9moigne de l&rsquo;histoire de la r\u00e9gion,<\/p>\n<p>\u00e9difi\u00e9 durant diff\u00e9rentes \u00e9poques de l&rsquo;histoire de la ville, passant par les M\u00e9rinides jusqu&rsquo;\u00e0 l&rsquo;occupation espagnole, qui a entrepris plusieurs changements.<\/p>\n<p>Selon des sources historiques, Oran est une v\u00e9ritable citadelle fortifi\u00e9e, consid\u00e9r\u00e9e dans le bassin m\u00e9diterran\u00e9en comme la ville qui poss\u00e8de le plus de forts, avec plus de 20 palais fortifi\u00e9s, d&rsquo;autres forts plus petits ainsi que des tours d&rsquo;observation.<\/p>\n<blockquote readability=\"5\">\n<p><em><strong>Des forts qui d\u00e9fient le temps<\/strong><\/em><\/p>\n<\/blockquote>\n<p>Une ann\u00e9e apr\u00e8s le classement de ces cinq forts, la situation de ces monuments demeure toutefois encore sans suivi sur le terrain de la part des autorit\u00e9s locales, a regrett\u00e9 M. Ourabah, signalant que l&rsquo;Office national de gestion et d&rsquo;exploitation des biens culturels prot\u00e9g\u00e9s qui g\u00e8re ces sites, \u00ab\u00a0n&rsquo;a pas les moyens pour leur r\u00e9habilitation\u00a0\u00bb.<\/p>\n<p>Laiss\u00e9s \u00e0 l&rsquo;abandon, ces sites historiques sont d\u00e9pourvus de cl\u00f4tures, d&rsquo;\u00e9clairage, d&rsquo;assainissement et d&rsquo;eau. Ils sont, pour la plupart, situ\u00e9s dans des endroits jug\u00e9s \u00e0 risque, \u00e0 l&rsquo;instar des forts \u00ab\u00a0San Pedro\u00a0\u00bb et<\/p>\n<p>\u00ab\u00a0San Diego\u00a0\u00bb, a-t-il d\u00e9plor\u00e9, faisant savoir que les agents de l&rsquo;Office font face \u00e0 de nombreux probl\u00e8mes pour y assurer la s\u00e9curit\u00e9, d&rsquo;autant que les lieux ont fait l&rsquo;objet de squat, en plus de la prolif\u00e9ration de constructions illicites pr\u00e8s du fort San Pedro, situ\u00e9 dans le quartier populaire des Planteurs.<\/p>\n<blockquote readability=\"14\">\n<p><em><strong>\u00ab\u00a0Ces forts sont class\u00e9s et donc prot\u00e9g\u00e9s par la force de la loi et n\u00e9cessite une r\u00e9habilitation, surtout qu&rsquo;ils sont situ\u00e9s face \u00e0 la mer et occupent des positions strat\u00e9giques\u00a0\u00bb, a d\u00e9clar\u00e9 le chef de service patrimoine \u00e0 la direction de la Culture, jamel-Eddine Barka, signalant que cette derni\u00e8re a propos\u00e9, juste apr\u00e8s le classement, des op\u00e9rations \u00ab\u00a0urgentes\u00a0\u00bb pour la protection de ces monuments.<\/strong><\/em><\/p>\n<\/blockquote>\n<p>Dans ce cadre, la direction de la Culture a pris contact avec le minist\u00e8re des Finances pour inscrire des op\u00e9rations urgentes dans la Loi de finances 2020 portant sur la pose de poutres m\u00e9talliques de consolidation pour la pr\u00e9servation de ces forts, selon M.Barka, qui a soulign\u00e9 que dans l&rsquo;ensemble, la situation de chaque fort varie entre \u00ab\u00a0bonne\u00a0\u00bb, comme le fort de Santa Cruz, \u00ab\u00a0moyenne\u00a0\u00bb comme Rozalcazar, et \u00ab\u00a0mauvaise\u00a0\u00bb comme le fort Saint Gr\u00e9goire.<\/p>\n<blockquote readability=\"5\">\n<p><em><strong>De mission de d\u00e9fense du pass\u00e9 \u00e0 une vocation touristique<\/strong><\/em><\/p>\n<\/blockquote>\n<p>Les cinq forts peuvent devenir des destinations touristiques d&rsquo;excellence et source de d\u00e9veloppement en cas d&rsquo;efforts de diff\u00e9rents secteurs, \u00e0 l&rsquo;instar de ceux du tourisme et de l&rsquo;artisanat, de la culture, et d&rsquo;efforts de chercheurs en patrimoine et histoire, d&rsquo;architectes et d&rsquo;associations.<\/p>\n<blockquote readability=\"6\">\n<p><em><strong>Pour concr\u00e9tiser cette aspiration, une premi\u00e8re initiative prise<\/strong><\/em><\/p>\n<\/blockquote>\n<p>derni\u00e8rement par les minist\u00e8res de la Culture et de l&rsquo;Int\u00e9rieur, des Collectivit\u00e9s locales et de l&rsquo;am\u00e9nagement du territoire a port\u00e9 sur l&rsquo;organisation de sessions de formation pour les sp\u00e9cialistes en patrimoine sur \u00ab\u00a0les politiques publiques de protection et d&rsquo;am\u00e9nagement et l&rsquo;exploitation des forts de la ville d&rsquo;Oran\u00a0\u00bb, en coordination avec l&rsquo;ambassade d&rsquo;Alg\u00e9rie en Espagne.<\/p>\n<blockquote readability=\"15\">\n<p><em><strong>A ce propos, l&rsquo;experte espagnole Maria Jos\u00e9 Balasco, de l&rsquo;universit\u00e9 polytechnique de Valence (Espagne), une des encadreurs de la session de formation, a estim\u00e9 que la ville d&rsquo;Oran dispose de nombreux forts et\u00a0poss\u00e8de un syst\u00e8me d\u00e9fensif excellent, ce qui n\u00e9cessite de savoir comment am\u00e9liorer et exploiter ces sites, ce qui est \u00ab\u00a0tr\u00e8s important dans le domaine touristique\u00a0\u00bb, selon lui.<\/strong><\/em><\/p>\n<\/blockquote>\n<p>A titre indicatif, le fort de Santa Cruz, connu chez les Oranais comme le \u00ab\u00a0fort de la montagne\u00a0\u00bb, est un des lieux c\u00e9l\u00e8bres sur le plan national, attirant chaque ann\u00e9e, des centaines d&rsquo;Alg\u00e9riens et d&rsquo;\u00e9trangers de\u00a0diff\u00e9rentes nationalit\u00e9s, sachant qu&rsquo;il est int\u00e9gr\u00e9 dans le circuit touristique de la ville d&rsquo;Oran.<\/p>\n<p>Ce fort, qui surplombe la ville d&rsquo;Oran, accueille de nombreuses activit\u00e9s culturelles, ce qui fait de lui un p\u00f4le touristique incontest\u00e9 que les habitants d&rsquo;Oran et les sp\u00e9cialistes esp\u00e8rent le classement comme\u00a0patrimoine universel.<\/p>\n<\/div>\n<p>Auteur:<br \/>\n<a href=\"http:\/\/www.aps.dz\/culture\/99484-classement-de-cinq-forts-en-2019-a-oran-une-bouffee-d-oxygene-pour-la-rehabilitation-de-ces-monuments\">Cliquez ici pour lire l&rsquo;article depuis sa source.<\/a><\/p>\n","protected":false},"excerpt":{"rendered":"<p>ORAN- Le classement, pour la premi\u00e8re fois \u00e0 Oran, de cinq forts dans la liste du patrimoine national est une \u00ab\u00a0bouff\u00e9e d&rsquo;oxyg\u00e8ne\u00a0\u00bb susceptible de donner un nouveau souffle \u00e0 ces sites, qui repr\u00e9sentent\u00a0autant de t\u00e9moins d&rsquo;\u00e9v\u00e9nements historiques importants dans la capitale de l&rsquo;Ouest du pays. R\u00e9alis\u00e9 d\u00e9but 2019, le classement simultan\u00e9ment de ces forts constitue [&hellip;]<\/p>\n","protected":false},"author":1790,"featured_media":0,"comment_status":"closed","ping_status":"closed","sticky":false,"template":"","format":"standard","meta":{"fifu_image_url":"","fifu_image_alt":"","footnotes":""},"categories":[53,79],"tags":[],"class_list":["post-71494","post","type-post","status-publish","format-standard","hentry","category-algerie","category-culture"],"_links":{"self":[{"href":"https:\/\/linitiative.ca\/International\/wp-json\/wp\/v2\/posts\/71494","targetHints":{"allow":["GET"]}}],"collection":[{"href":"https:\/\/linitiative.ca\/International\/wp-json\/wp\/v2\/posts"}],"about":[{"href":"https:\/\/linitiative.ca\/International\/wp-json\/wp\/v2\/types\/post"}],"author":[{"embeddable":true,"href":"https:\/\/linitiative.ca\/International\/wp-json\/wp\/v2\/users\/1790"}],"replies":[{"embeddable":true,"href":"https:\/\/linitiative.ca\/International\/wp-json\/wp\/v2\/comments?post=71494"}],"version-history":[{"count":0,"href":"https:\/\/linitiative.ca\/International\/wp-json\/wp\/v2\/posts\/71494\/revisions"}],"wp:attachment":[{"href":"https:\/\/linitiative.ca\/International\/wp-json\/wp\/v2\/media?parent=71494"}],"wp:term":[{"taxonomy":"category","embeddable":true,"href":"https:\/\/linitiative.ca\/International\/wp-json\/wp\/v2\/categories?post=71494"},{"taxonomy":"post_tag","embeddable":true,"href":"https:\/\/linitiative.ca\/International\/wp-json\/wp\/v2\/tags?post=71494"}],"curies":[{"name":"wp","href":"https:\/\/api.w.org\/{rel}","templated":true}]}}