{"id":71495,"date":"2019-12-28T07:16:00","date_gmt":"2019-12-28T12:16:00","guid":{"rendered":"https:\/\/linitiative.ca\/International\/abdelaziz-djerad-premier-ministre\/"},"modified":"2019-12-28T07:16:00","modified_gmt":"2019-12-28T12:16:00","slug":"abdelaziz-djerad-premier-ministre","status":"publish","type":"post","link":"https:\/\/linitiative.ca\/International\/abdelaziz-djerad-premier-ministre\/","title":{"rendered":"Abdelaziz Djerad Premier ministre"},"content":{"rendered":"<div id=\"originalText\" readability=\"47\">\n<p>Le pr\u00e9sident de la R\u00e9publique, Abdelmadjid Tebboune, a nomm\u00e9, ce samedi, Abdelaziz Djerad Premier ministre et l\u2019a charg\u00e9 de former un gouvernement, selon la t\u00e9l\u00e9vision publique, qui a diffus\u00e9 les images de l\u2019entrevue.<\/p>\n<p>Politologue et professeur \u00e0 la facult\u00e9 des sciences politiques d\u2019Alger, Abdelaziz Djerad est ancien diplomate et a occup\u00e9 le poste de secr\u00e9taire g\u00e9n\u00e9ral du minist\u00e8re des affaires \u00e9trang\u00e8res, avant d\u2019\u00eatre limog\u00e9 en 2003, par l\u2019ancien pr\u00e9sident Abdelaziz Bouteflika.<\/p>\n<p class=\"c6\"><strong>R\u00e9daction Web \u00a0<\/strong><\/p>\n<\/div>\n<div id=\"text_core\" readability=\"47\">\n<p>Le pr\u00e9sident de la R\u00e9publique, Abdelmadjid Tebboune, a nomm\u00e9, ce samedi, Abdelaziz Djerad Premier ministre et l\u2019a charg\u00e9 de former un gouvernement, selon la t\u00e9l\u00e9vision publique, qui a diffus\u00e9 les images de l\u2019entrevue.<\/p>\n<p>Politologue et professeur \u00e0 la facult\u00e9 des sciences politiques d\u2019Alger, Abdelaziz Djerad est ancien diplomate et a occup\u00e9 le poste de secr\u00e9taire g\u00e9n\u00e9ral du minist\u00e8re des affaires \u00e9trang\u00e8res, avant d\u2019\u00eatre limog\u00e9 en 2003, par l\u2019ancien pr\u00e9sident Abdelaziz Bouteflika.<\/p>\n<p class=\"c6\"><strong>R\u00e9daction Web \u00a0<\/strong><\/p>\n<\/div>\n<p>Auteur:<br \/>\n<a href=\"https:\/\/www.liberte-algerie.com\/actualite\/abdelaziz-djerad-premier-ministre-330955\">Cliquez ici pour lire l&rsquo;article depuis sa source.<\/a><\/p>\n","protected":false},"excerpt":{"rendered":"<p>Le pr\u00e9sident de la R\u00e9publique, Abdelmadjid Tebboune, a nomm\u00e9, ce samedi, Abdelaziz Djerad Premier ministre et l\u2019a charg\u00e9 de former un gouvernement, selon la t\u00e9l\u00e9vision publique, qui a diffus\u00e9 les images de l\u2019entrevue. Politologue et professeur \u00e0 la facult\u00e9 des sciences politiques d\u2019Alger, Abdelaziz Djerad est ancien diplomate et a occup\u00e9 le poste de secr\u00e9taire [&hellip;]<\/p>\n","protected":false},"author":1742,"featured_media":0,"comment_status":"closed","ping_status":"closed","sticky":false,"template":"","format":"standard","meta":{"fifu_image_url":"","fifu_image_alt":"","footnotes":""},"categories":[73,53],"tags":[],"class_list":["post-71495","post","type-post","status-publish","format-standard","hentry","category-actualite","category-algerie"],"_links":{"self":[{"href":"https:\/\/linitiative.ca\/International\/wp-json\/wp\/v2\/posts\/71495","targetHints":{"allow":["GET"]}}],"collection":[{"href":"https:\/\/linitiative.ca\/International\/wp-json\/wp\/v2\/posts"}],"about":[{"href":"https:\/\/linitiative.ca\/International\/wp-json\/wp\/v2\/types\/post"}],"author":[{"embeddable":true,"href":"https:\/\/linitiative.ca\/International\/wp-json\/wp\/v2\/users\/1742"}],"replies":[{"embeddable":true,"href":"https:\/\/linitiative.ca\/International\/wp-json\/wp\/v2\/comments?post=71495"}],"version-history":[{"count":0,"href":"https:\/\/linitiative.ca\/International\/wp-json\/wp\/v2\/posts\/71495\/revisions"}],"wp:attachment":[{"href":"https:\/\/linitiative.ca\/International\/wp-json\/wp\/v2\/media?parent=71495"}],"wp:term":[{"taxonomy":"category","embeddable":true,"href":"https:\/\/linitiative.ca\/International\/wp-json\/wp\/v2\/categories?post=71495"},{"taxonomy":"post_tag","embeddable":true,"href":"https:\/\/linitiative.ca\/International\/wp-json\/wp\/v2\/tags?post=71495"}],"curies":[{"name":"wp","href":"https:\/\/api.w.org\/{rel}","templated":true}]}}