{"id":71501,"date":"2019-12-27T15:29:34","date_gmt":"2019-12-27T20:29:34","guid":{"rendered":"https:\/\/linitiative.ca\/International\/remise-dequipements-au-profit-de-20-ex-detenus\/"},"modified":"2019-12-27T15:29:34","modified_gmt":"2019-12-27T20:29:34","slug":"remise-dequipements-au-profit-de-20-ex-detenus","status":"publish","type":"post","link":"https:\/\/linitiative.ca\/International\/remise-dequipements-au-profit-de-20-ex-detenus\/","title":{"rendered":"Remise d\u2019\u00e9quipements au profit de 20 ex-d\u00e9tenus"},"content":{"rendered":"<div readability=\"37\">\n<p>Safi \u2013 Un total de 20 ex-pensionnaires des \u00e9tablissements p\u00e9nitentiaires relevant de la province de Safi ont b\u00e9n\u00e9fici\u00e9, vendredi, d\u2019\u00e9quipements relatifs aux projets g\u00e9n\u00e9rateurs de revenus et ce, \u00e0 l\u2019initiative de la Fondation Mohammed VI pour la R\u00e9insertion des D\u00e9tenus.<\/p>\n<\/div>\n<div readability=\"104\">\n<p>La remise de ces \u00e9quipements, d\u2019une valeur globale de 552.411 DH, aux b\u00e9n\u00e9ficiaires, dont une femme, a eu lieu lors d\u2019une c\u00e9r\u00e9monie rehauss\u00e9e par la pr\u00e9sence du gouverneur de la Province de Safi.<\/p>\n<p>Cette activit\u00e9 s\u2019inscrit dans le sillage de la mise en \u0153uvre du programme d\u2019appui aux micro-projets et \u00e0 l\u2019auto-emploi au profit des ex-pensionnaires des \u00e9tablissements p\u00e9nitentiaires au titre de l\u2019exercice 2019, lanc\u00e9 le 27 mai 2019 \u00e0 Casablanca par Sa Majest\u00e9 le Roi Mohammed VI, et dans le cadre de la mise en \u0153uvre de la strat\u00e9gie int\u00e9gr\u00e9e de r\u00e9insertion socioprofessionnelle des ex-d\u00e9tenus, men\u00e9e par la Fondation sous la pr\u00e9sidence effective de SM le Roi.<\/p>\n<p>Cette initiative vise en principe la r\u00e9insertion de cette frange de la soci\u00e9t\u00e9 dans le tissu socio-\u00e9conomique et la pr\u00e9servation de la dignit\u00e9 humaine des ex-d\u00e9tenus, en assurant et en facilitant leur int\u00e9gration au sein de la soci\u00e9t\u00e9, a d\u00e9clar\u00e9 \u00e0 la MAP, le pr\u00e9sident de la cellule d\u2019emploi et d\u2019auto-emploi relevant de la Fondation Mohammed VI pour la R\u00e9insertion des D\u00e9tenus, Zakaria Bouazza.<\/p>\n<p>Ces projets g\u00e9n\u00e9rateurs de revenus touchent divers m\u00e9tiers et domaines, dont notamment l\u2019industrie, le commerce, les services et la p\u00eache maritime, eu \u00e9gard \u00e0 la sp\u00e9cificit\u00e9 de la r\u00e9gion, et ciblent les anciens d\u00e9tenus issus de la province, a-t-il pr\u00e9cis\u00e9.<\/p>\n<p>De son c\u00f4t\u00e9, le coordonnateur r\u00e9gional de la Fondation dans la r\u00e9gion de Marrakech-Safi, Larbi Eddih, a affirm\u00e9 que cette op\u00e9ration a permis \u00e0 des ex-d\u00e9tenus porteurs de projets de b\u00e9n\u00e9ficier d\u2019un lot d\u2019\u00e9quipements pour r\u00e9ussir leur insertion dans la vie socioprofessionnelle.<\/p>\n<p>Cette initiative a pour objectifs d\u2019encourager l\u2019auto-emploi, de lutter contre la pauvret\u00e9 et la pr\u00e9carit\u00e9, de combattre la r\u00e9cidive et d\u2019instaurer la paix sociale, a-t-il ajout\u00e9.<\/p>\n<p>Cette action intervient, de surcro\u00eet, en application de la convention de partenariat conclue entre la Fondation et la Pr\u00e9fecture de Safi et Attawfiq Micro-Finance, dans le cadre de l\u2019Initiative Nationale pour le D\u00e9veloppement Humain (INDH) pour l\u2019impl\u00e9mentation du programme de lutte contre la pr\u00e9carit\u00e9.<\/p>\n<p>Ladite convention porte sur le financement d\u2019activit\u00e9s g\u00e9n\u00e9ratrices de revenus au profit de cette cat\u00e9gorie de population vuln\u00e9rable, afin de contrecarrer le ph\u00e9nom\u00e8ne de r\u00e9cidive au crime et d\u2019assurer les conditions d\u2019une r\u00e9insertion efficace de ces citoyens dans le tissu social et \u00e9conomique, conform\u00e9ment \u00e0 la vision \u00e9clair\u00e9e de Sa Majest\u00e9 le Roi dans le domaine.<\/p>\n<p>Il convient de rappeler, aussi, que ce programme intervient pour couronner le processus d\u2019accompagnement des ex-d\u00e9tenus qui se r\u00e9f\u00e8re au projet de vie \u00e9labor\u00e9 par les Centres d\u2019accompagnement et de r\u00e9insertion relevant de la Fondation Mohammed VI, avec le concours des b\u00e9n\u00e9ficiaires, et en partenariat avec les institutions et d\u00e9partements concern\u00e9s et ce, en ad\u00e9quation avec la nature de la formation et le savoir-faire des b\u00e9n\u00e9ficiaires d\u2019une part, ainsi qu\u2019avec les besoins du march\u00e9 du travail qui tiennent compte des particularit\u00e9s de l\u2019\u00e9cosyst\u00e8me socio-\u00e9conomique de la r\u00e9gion dont ils rel\u00e8vent.<\/p>\n<\/div>\n<p>Auteur: Meriem IGASS<br \/>\n<a href=\"http:\/\/www.mapmarrakech.ma\/fr\/equipements\/\">Cliquez ici pour lire l&rsquo;article depuis sa source.<\/a><\/p>\n","protected":false},"excerpt":{"rendered":"<p>Safi \u2013 Un total de 20 ex-pensionnaires des \u00e9tablissements p\u00e9nitentiaires relevant de la province de Safi ont b\u00e9n\u00e9fici\u00e9, vendredi, d\u2019\u00e9quipements relatifs aux projets g\u00e9n\u00e9rateurs de revenus et ce, \u00e0 l\u2019initiative de la Fondation Mohammed VI pour la R\u00e9insertion des D\u00e9tenus. La remise de ces \u00e9quipements, d\u2019une valeur globale de 552.411 DH, aux b\u00e9n\u00e9ficiaires, dont une [&hellip;]<\/p>\n","protected":false},"author":1788,"featured_media":0,"comment_status":"closed","ping_status":"closed","sticky":false,"template":"","format":"standard","meta":{"fifu_image_url":"","fifu_image_alt":"","footnotes":""},"categories":[54,76],"tags":[],"class_list":["post-71501","post","type-post","status-publish","format-standard","hentry","category-maroc","category-regions"],"_links":{"self":[{"href":"https:\/\/linitiative.ca\/International\/wp-json\/wp\/v2\/posts\/71501","targetHints":{"allow":["GET"]}}],"collection":[{"href":"https:\/\/linitiative.ca\/International\/wp-json\/wp\/v2\/posts"}],"about":[{"href":"https:\/\/linitiative.ca\/International\/wp-json\/wp\/v2\/types\/post"}],"author":[{"embeddable":true,"href":"https:\/\/linitiative.ca\/International\/wp-json\/wp\/v2\/users\/1788"}],"replies":[{"embeddable":true,"href":"https:\/\/linitiative.ca\/International\/wp-json\/wp\/v2\/comments?post=71501"}],"version-history":[{"count":0,"href":"https:\/\/linitiative.ca\/International\/wp-json\/wp\/v2\/posts\/71501\/revisions"}],"wp:attachment":[{"href":"https:\/\/linitiative.ca\/International\/wp-json\/wp\/v2\/media?parent=71501"}],"wp:term":[{"taxonomy":"category","embeddable":true,"href":"https:\/\/linitiative.ca\/International\/wp-json\/wp\/v2\/categories?post=71501"},{"taxonomy":"post_tag","embeddable":true,"href":"https:\/\/linitiative.ca\/International\/wp-json\/wp\/v2\/tags?post=71501"}],"curies":[{"name":"wp","href":"https:\/\/api.w.org\/{rel}","templated":true}]}}