{"id":71502,"date":"2019-12-27T15:43:02","date_gmt":"2019-12-27T20:43:02","guid":{"rendered":"https:\/\/linitiative.ca\/International\/arrestation-dun-individu-pour-vol-contre-une-touriste-etrangere\/"},"modified":"2019-12-27T15:43:02","modified_gmt":"2019-12-27T20:43:02","slug":"arrestation-dun-individu-pour-vol-contre-une-touriste-etrangere","status":"publish","type":"post","link":"https:\/\/linitiative.ca\/International\/arrestation-dun-individu-pour-vol-contre-une-touriste-etrangere\/","title":{"rendered":"Arrestation d\u2019un individu pour vol contre une touriste \u00e9trang\u00e8re"},"content":{"rendered":"<div class=\"single-featured\"><img alt=\"\" data-src=\"http:\/\/www.mapmarrakech.ma\/map\/uploads\/2019\/12\/arrestation.jpg\"\/><\/div>\n<div class=\"single-post-excerpt post-excerpt-bc\" readability=\"35\">\n<p>Marrakech \u2013 Les services du 3\u00e8me arrondissement de police \u00e0 Marrakech ont proc\u00e9d\u00e9, jeudi, \u00e0 l\u2019arrestation d\u2019un individu pour vol commis contre une touriste \u00e9trang\u00e8re.<\/p>\n<\/div>\n<div class=\"entry-content clearfix single-post-content\" readability=\"50\">\n<p>Les limiers dudit arrondissement ont interagi avec c\u00e9l\u00e9rit\u00e9 et efficience avec une plainte \u00e0 propos d\u2019un vol d\u2019un t\u00e9l\u00e9phone portable dont a \u00e9t\u00e9 victime une touriste \u00e9trang\u00e8re au niveau de Arsat El Houta, a pr\u00e9cis\u00e9 une source s\u00e9curitaire.<\/p>\n<p>Et d\u2019ajouter que les \u00e9l\u00e9ments de la police se sont d\u00e9plac\u00e9s sur les lieux o\u00f9 ils ont intensifi\u00e9 les investigations sur le terrain, ce qui leur a permis d\u2019identifier et d\u2019interpeller le mis en cause.<\/p>\n<p>La perquisition l\u00e9gale effectu\u00e9e au domicile du pr\u00e9venu, en coordination avec le Parquet g\u00e9n\u00e9ral comp\u00e9tent, s\u2019est sold\u00e9e par la saisie du t\u00e9l\u00e9phone objet du vol, qui a \u00e9t\u00e9 remis \u00e0 sa propri\u00e9taire, alors que le mis en cause a \u00e9t\u00e9 plac\u00e9 en garde \u00e0 vue pour les besoins de l\u2019enqu\u00eate avant d\u2019\u00eatre d\u00e9f\u00e9r\u00e9 devant la justice, a conclu la m\u00eame source.<\/p>\n<\/div>\n<p>Auteur: Meriem IGASS<br \/>\n<a href=\"http:\/\/www.mapmarrakech.ma\/fr\/arrestation-3\/\">Cliquez ici pour lire l&rsquo;article depuis sa source.<\/a><\/p>\n","protected":false},"excerpt":{"rendered":"<p>Marrakech \u2013 Les services du 3\u00e8me arrondissement de police \u00e0 Marrakech ont proc\u00e9d\u00e9, jeudi, \u00e0 l\u2019arrestation d\u2019un individu pour vol commis contre une touriste \u00e9trang\u00e8re. Les limiers dudit arrondissement ont interagi avec c\u00e9l\u00e9rit\u00e9 et efficience avec une plainte \u00e0 propos d\u2019un vol d\u2019un t\u00e9l\u00e9phone portable dont a \u00e9t\u00e9 victime une touriste \u00e9trang\u00e8re au niveau de [&hellip;]<\/p>\n","protected":false},"author":1788,"featured_media":71503,"comment_status":"closed","ping_status":"closed","sticky":false,"template":"","format":"standard","meta":{"fifu_image_url":"","fifu_image_alt":"","footnotes":""},"categories":[54,76],"tags":[],"class_list":["post-71502","post","type-post","status-publish","format-standard","has-post-thumbnail","hentry","category-maroc","category-regions"],"_links":{"self":[{"href":"https:\/\/linitiative.ca\/International\/wp-json\/wp\/v2\/posts\/71502","targetHints":{"allow":["GET"]}}],"collection":[{"href":"https:\/\/linitiative.ca\/International\/wp-json\/wp\/v2\/posts"}],"about":[{"href":"https:\/\/linitiative.ca\/International\/wp-json\/wp\/v2\/types\/post"}],"author":[{"embeddable":true,"href":"https:\/\/linitiative.ca\/International\/wp-json\/wp\/v2\/users\/1788"}],"replies":[{"embeddable":true,"href":"https:\/\/linitiative.ca\/International\/wp-json\/wp\/v2\/comments?post=71502"}],"version-history":[{"count":0,"href":"https:\/\/linitiative.ca\/International\/wp-json\/wp\/v2\/posts\/71502\/revisions"}],"wp:featuredmedia":[{"embeddable":true,"href":"https:\/\/linitiative.ca\/International\/wp-json\/"}],"wp:attachment":[{"href":"https:\/\/linitiative.ca\/International\/wp-json\/wp\/v2\/media?parent=71502"}],"wp:term":[{"taxonomy":"category","embeddable":true,"href":"https:\/\/linitiative.ca\/International\/wp-json\/wp\/v2\/categories?post=71502"},{"taxonomy":"post_tag","embeddable":true,"href":"https:\/\/linitiative.ca\/International\/wp-json\/wp\/v2\/tags?post=71502"}],"curies":[{"name":"wp","href":"https:\/\/api.w.org\/{rel}","templated":true}]}}