{"id":71504,"date":"2019-12-27T17:22:33","date_gmt":"2019-12-27T22:22:33","guid":{"rendered":"https:\/\/linitiative.ca\/International\/ouverture-du-5e-festival-jazz-sous-larganier\/"},"modified":"2019-12-27T17:22:33","modified_gmt":"2019-12-27T22:22:33","slug":"ouverture-du-5e-festival-jazz-sous-larganier","status":"publish","type":"post","link":"https:\/\/linitiative.ca\/International\/ouverture-du-5e-festival-jazz-sous-larganier\/","title":{"rendered":"Ouverture du 5\u00e8 festival \u00ab\u00a0Jazz sous l\u2019Arganier\u00a0\u00bb"},"content":{"rendered":"<div readability=\"40\">\n<p>Essaouira \u2013 Le festival \u00ab\u00a0Jazz sous l\u2019Arganier\u00a0\u00bb a souffl\u00e9, vendredi soir \u00e0 Essaouira, sa 5\u00e8 bougie aux rythmes et sonorit\u00e9s les plus captivants de la musique Gnaoua et ce, pour c\u00e9l\u00e9brer en grande pompe, dans la liesse et la convivialit\u00e9, l\u2019inscription de l\u2019art Gnaoua sur la liste du patrimoine immat\u00e9riel par l\u2019UNESCO.<\/p>\n<\/div>\n<div readability=\"173\">\n<p>Des festivaliers de diff\u00e9rents horizons, dont des h\u00f4tes de la cit\u00e9 des Aliz\u00e9s nombreux \u00e0 venir c\u00e9l\u00e9brer les f\u00eates de fin d\u2019ann\u00e9e \u00e0 Essaouira, se sont donn\u00e9s, ainsi, rendez-vous \u00e0 Dar Souiri, le temps de prendre part \u00e0 un long et passionnant p\u00e9riple au coeur de la culture, des rituels et de ce savoir-faire ancestral des Gnaoua.<\/p>\n<p>Dans une ambiance festive et bon enfant, cette premi\u00e8re soir\u00e9e rehauss\u00e9e par la pr\u00e9sence notamment de M. Andr\u00e9 Azoulay, Conseiller de Sa Majest\u00e9 le Roi, et Pr\u00e9sident-fondateur de l\u2019Association Essaouira-Mogador, de Mme Audrey Azoulay, Directrice G\u00e9n\u00e9rale de l\u2019UNESCO, et d\u2019autres personnalit\u00e9s, les aficionados de la bonne musique ont \u00e9t\u00e9 gratifi\u00e9s d\u2019un floril\u00e8ge de chansons tir\u00e9es du r\u00e9pertoire embl\u00e9matique de la musique Gnaoua.<\/p>\n<p>Pour satisfaire tous les go\u00fbts m\u00eames ceux les plus exigeants, cette premi\u00e8re soir\u00e9e a \u00e9t\u00e9 soigneusement con\u00e7ue de mani\u00e8re \u00e0 c\u00e9l\u00e9brer, comme il se doit, les distinctions exceptionnelles d\u2019Essaouira durant l\u2019ann\u00e9e qui s\u2019ach\u00e8ve, avec la mont\u00e9e sur sc\u00e8ne dans un premier temps, de la jeune et talentueuse joueuse de Guembri souiri, Maalama Hind Ennaira, une des rares femmes \u00e0 briller dans cet art qui, \u00e0 la mani\u00e8re des grands ma\u00eetres, a pu convier le public \u00e0 une interpr\u00e9tation personnelle du r\u00e9pertoire traditionnel Gnaoua.<\/p>\n<p>Alias \u00ab\u00a0Bent Haoussa\u00a0\u00bb, par r\u00e9f\u00e9rence au peuple Haoussa, partie essentielle de l\u2019origine de la culture gnaoua, Hind Ennaira a jou\u00e9 avec des ma\u00eetres Gnawa tels qu\u2019Abdenbi El Gadari, Aziz Bakbou, Hassan Boussou, Aziz Sahmaoui et le tr\u00e8s aim\u00e9 Abdessalam \u00ab\u00a0Kardan\u00a0\u00bb Wassif.<\/p>\n<p>Par la suite, les festivaliers ont \u00e9t\u00e9 convi\u00e9s \u00e0 appr\u00e9cier un autre show de haute facture, sign\u00e9 M\u00e2alem Mokhtar Gania et Gnawa Soul, de quoi continuer \u00e0 surprendre le public. Un spectacle inou\u00ef et riche en couleurs et sonorit\u00e9s, avec au programme une musique innovante.<\/p>\n<p>\u00ab\u00a0Gnaoua- Soul\u00a0\u00bb, qui conjugue le groove des Gnawa avec les m\u00e9lodies orientales du Maghreb et la pulse de la world africaine, a donn\u00e9 \u00e0 \u00e9couter et \u00e0 appr\u00e9cier des sonorit\u00e9s envo\u00fbtantes, r\u00e9sultat de l\u2019alchimie cr\u00e9\u00e9e entre l\u2019auteur-compositeur Moktar Gania (guembri et voix) \u2013 fr\u00e8re cadet du regrett\u00e9 et ph\u00e9nom\u00e9nal Mahmoud Gania -, le compositeur, arrangeur et guitariste Anoir Ben Brahim- fils de feu Hamid Ben Brahim -, et le percussionniste arrangeur Yacine Benali.<\/p>\n<p>Le c\u0153ur du projet \u00ab\u00a0Gnawa Soul\u00a0\u00bb repose sur l\u2019alchimie cr\u00e9\u00e9e entre l\u2019auteur compositeur Moktar Gania (guembri et voix), le compositeur, arrangeur et guitariste Anoir Ben Brahim- le fils de feu Hamid Ben Brahim -, et le percussionniste arrangeur Yacine Benali.<\/p>\n<p>D\u2019autres musiciens talentueux ont particip\u00e9 \u00e0 l\u2019enregistrement, dont les Fran\u00e7ais G\u00e9raldine Laurent (saxophone) et Jean-Marie Ecay (guitare \u00e9lectrique) ainsi que la sublime chanteuse d\u2019origine Marocaine Neta Elkayam qui ont apport\u00e9 leur concours \u00e0 ce projet.<\/p>\n<p>Le mixage a \u00e9t\u00e9 r\u00e9alis\u00e9 \u00e0 Austin par l\u2019am\u00e9ricain Chris Shaw (4 Grammy Awards \u00e0 son actif) et le mastering finalis\u00e9 \u00e0 Londres au Studio Metropolis par Tony Cousins.<\/p>\n<p>Organis\u00e9 par l\u2019Association Essaouira Mogador, le Festival \u00ab\u00a0Jazz sous l\u2019Arganier\u00a0\u00bb, pr\u00e9vu jusqu\u2019au 29 d\u00e9cembre a eu donc pour sa 5\u00e8me \u00e9dition une tonalit\u00e9 diff\u00e9rente avec la r\u00e9cente inscription par l\u2019Unesco de l\u2019Art Gnaoui au patrimoine culturel immat\u00e9riel de l\u2019humanit\u00e9, distinction attribu\u00e9e \u00e0 la Cit\u00e9 des Aliz\u00e9s quelques semaines apr\u00e8s sa rentr\u00e9e officielle au sein du r\u00e9seau des villes cr\u00e9atives de l\u2019Unesco dans le domaine de la musique.<\/p>\n<p>Un programme riche et vari\u00e9, parfois surprenant, offert \u00e0 Dar Souiri aux aficionados du Jazz sous toutes ses formes. Six concerts et trois soir\u00e9es en compagnie d\u2019artistes exceptionnels, de grands noms mais aussi de jeunes talents, marocains ou venus d\u2019ailleurs, permettront de partager dans une ambiance festive, sensations et \u00e9motions dans un esprit de tol\u00e9rance et d\u2019ouverture, signes de reconnaissance des rencontres musicales organis\u00e9es tout au long de l\u2019ann\u00e9e \u00e0 Essaouira.<\/p>\n<p>La seconde soir\u00e9e pr\u00e9vue le samedi 28 d\u00e9cembre invitera les festivaliers \u00e0 venir en masse d\u00e9couvrir des sonorit\u00e9s entre latin-jazz et percussions marocaines avec le nouveau r\u00e9pertoire de Guillaume Debois Trio, intitul\u00e9 Jamil, et en guest Manuel Hermia qui se d\u00e9finit lui comme \u00ab\u00a0improvisateur, compositeur et explorateur des musiques du monde\u00a0\u00bb. Saxophoniste virtuose, il ma\u00eetrise aussi le bansuri, la fl\u00fbte de l\u2019Inde du nord. Les festivaliers pourront d\u00e9couvrir lors de ce concert, sa th\u00e9orie baptis\u00e9e \u00ab\u00a0rajazz\u00a0\u00bb, faisant ainsi le pont entre les jazz et les ragas.<\/p>\n<p>Puis les f\u00e9rus de cette musique universelle retrouveront Tao Ehrlich Quartet avec en guest Loy Ehrlich, artiste fran\u00e7ais jazz et world music. Une v\u00e9ritable invitation des amateurs des nouveaux courants du jazz moderne \u00e0 plonger dans un univers jazzy influenc\u00e9 par les musiques du monde et le rock progressif.<\/p>\n<p>Quant aux concerts du dimanche 29 d\u00e9cembre, ils devront mettre \u00e0 l\u2019honneur le jazz marocain au f\u00e9minin avec Meriem Aassid et l\u2019ensemble Jazz\u2019Amazigh cr\u00e9\u00e9 en 2018 par Meryem Aassid et Oussama Chtouki o\u00f9 musique amazighe et musique internationale et plus particuli\u00e8rement le jazz, se rencontrent pour offrir un r\u00e9pertoire totalement in\u00e9dit.<\/p>\n<p>En cl\u00f4ture de cette 5\u00e8me \u00e9dition, l\u2019ensemble de Nabyla Maan fera d\u00e9couvrir au public pr\u00e9sent \u00e0 Dar Souiri les m\u00e9lodies envo\u00fbtantes du jazz oriental. Cette artiste \u00e0 la voix incomparable a consacr\u00e9 sa carri\u00e8re \u00e0 faire pr\u00e9valoir les musiques ancestrales andalouses et le Melhoune en les m\u00ealant au jazz et aux musiques du monde. Accompagn\u00e9e de 4 musiciens, elle enchantera les f\u00e9rus de sonorit\u00e9s authentiques en interpr\u00e9tant notamment les titres de son cinqui\u00e8me album intitul\u00e9 Dalal\u00fb Al-Andal\u00fbs.<\/p>\n<p>En ce faisant, le festival du jazz se tient cette ann\u00e9e aux couleurs des rythmes de l\u2019Afrique qui accueille des prodiges de la musique marocains, ivoirien, malien\u2026 ou bien encore europ\u00e9ens, d\u00e9j\u00e0 reconnus ou en devenir, qui illustrent la diversit\u00e9 et la richesse de ce courant musical aux multiples facettes.<\/p>\n<\/div>\n<p>Auteur: Meriem IGASS<br \/>\n<a href=\"http:\/\/www.mapmarrakech.ma\/fr\/jazz\/\">Cliquez ici pour lire l&rsquo;article depuis sa source.<\/a><\/p>\n","protected":false},"excerpt":{"rendered":"<p>Essaouira \u2013 Le festival \u00ab\u00a0Jazz sous l\u2019Arganier\u00a0\u00bb a souffl\u00e9, vendredi soir \u00e0 Essaouira, sa 5\u00e8 bougie aux rythmes et sonorit\u00e9s les plus captivants de la musique Gnaoua et ce, pour c\u00e9l\u00e9brer en grande pompe, dans la liesse et la convivialit\u00e9, l\u2019inscription de l\u2019art Gnaoua sur la liste du patrimoine immat\u00e9riel par l\u2019UNESCO. Des festivaliers de [&hellip;]<\/p>\n","protected":false},"author":1788,"featured_media":0,"comment_status":"closed","ping_status":"closed","sticky":false,"template":"","format":"standard","meta":{"fifu_image_url":"","fifu_image_alt":"","footnotes":""},"categories":[54,76],"tags":[],"class_list":["post-71504","post","type-post","status-publish","format-standard","hentry","category-maroc","category-regions"],"_links":{"self":[{"href":"https:\/\/linitiative.ca\/International\/wp-json\/wp\/v2\/posts\/71504","targetHints":{"allow":["GET"]}}],"collection":[{"href":"https:\/\/linitiative.ca\/International\/wp-json\/wp\/v2\/posts"}],"about":[{"href":"https:\/\/linitiative.ca\/International\/wp-json\/wp\/v2\/types\/post"}],"author":[{"embeddable":true,"href":"https:\/\/linitiative.ca\/International\/wp-json\/wp\/v2\/users\/1788"}],"replies":[{"embeddable":true,"href":"https:\/\/linitiative.ca\/International\/wp-json\/wp\/v2\/comments?post=71504"}],"version-history":[{"count":0,"href":"https:\/\/linitiative.ca\/International\/wp-json\/wp\/v2\/posts\/71504\/revisions"}],"wp:attachment":[{"href":"https:\/\/linitiative.ca\/International\/wp-json\/wp\/v2\/media?parent=71504"}],"wp:term":[{"taxonomy":"category","embeddable":true,"href":"https:\/\/linitiative.ca\/International\/wp-json\/wp\/v2\/categories?post=71504"},{"taxonomy":"post_tag","embeddable":true,"href":"https:\/\/linitiative.ca\/International\/wp-json\/wp\/v2\/tags?post=71504"}],"curies":[{"name":"wp","href":"https:\/\/api.w.org\/{rel}","templated":true}]}}