{"id":71505,"date":"2019-12-28T03:06:09","date_gmt":"2019-12-28T08:06:09","guid":{"rendered":"https:\/\/linitiative.ca\/International\/la-cgem-appelee-a-sadapter-aux-defis-auxquels-font-face-les-pme\/"},"modified":"2019-12-28T03:06:09","modified_gmt":"2019-12-28T08:06:09","slug":"la-cgem-appelee-a-sadapter-aux-defis-auxquels-font-face-les-pme","status":"publish","type":"post","link":"https:\/\/linitiative.ca\/International\/la-cgem-appelee-a-sadapter-aux-defis-auxquels-font-face-les-pme\/","title":{"rendered":"La CGEM, appel\u00e9e \u00e0 s\u2019adapter aux d\u00e9fis auxquels font face les PME"},"content":{"rendered":"<div readability=\"38\">\n<p>Marrakech \u2013 La Conf\u00e9d\u00e9ration g\u00e9n\u00e9rale des entreprises du Maroc (CGEM) est appel\u00e9e \u00e0 \u00e9voluer et s\u2019adapter aux d\u00e9fis auxquels font face les entreprises marocaines, a soulign\u00e9 vendredi, \u00e0 Marrakech, le candidat \u00e0 la pr\u00e9sidence de l\u2019organisation patronale, Chakib Alj.<\/p>\n<\/div>\n<div readability=\"109\">\n<p>M.Alj, qui intervenait \u00e0 une rencontre de concertation et d\u2019\u00e9changes avec les op\u00e9rateurs \u00e9conomiques et les membres de la section r\u00e9gionale de la CGEM \u00e0 Marrakech, a relev\u00e9 que le futur bureau de la conf\u00e9d\u00e9ration \u0153uvrera \u00e0 renforcer la confiance entre les op\u00e9rateurs \u00e9conomiques et l\u2019administration, dynamiser les relations entre les soci\u00e9t\u00e9s et faciliter l\u2019acc\u00e8s des Petites et moyennes entreprises (PME) au financement.<\/p>\n<p>\u00ab\u00a0Parmi les questions prioritaires sur lesquelles le futur bureau se penchera figurent le d\u00e9lai de paiement, qui p\u00e8se sur les soci\u00e9t\u00e9s op\u00e9rant notamment dans les travaux publics, en raison des pertes occasionn\u00e9es par les retards de paiement sur les entreprises et l\u2019\u00e9conomie nationale\u00a0\u00bb, a indiqu\u00e9 M. Alj, qui \u00e9tait accompagn\u00e9 de son colistier Ahmed Mehdi Tazi.<\/p>\n<p>La parole a \u00e9t\u00e9 donn\u00e9e par la suite \u00e0 Ahmed Mehdi Tazi, qui a pr\u00e9sent\u00e9 les grandes lignes du programme du bin\u00f4me, relevant que les attentes et dol\u00e9ances des op\u00e9rateurs \u00e9conomiques des les diff\u00e9rentes r\u00e9gions sont les m\u00eames : acc\u00e8s au financement, export, ressources humaines et imp\u00f4ts entre autres.<\/p>\n<p>\u00ab\u00a0Notre programme s\u2019appuie sur plusieurs axes relatifs notamment \u00e0 la lev\u00e9e de toutes les barri\u00e8res \u00e0 la croissance des entreprises de toutes tailles et de toutes r\u00e9gions, l\u2019ouverture de nouveaux march\u00e9s pour les entreprises marocaines et l\u2019adaptation des comp\u00e9tences de nos entreprises aux enjeux d\u2019aujourd\u2019hui et de demain\u00a0\u00bb, a-t-il expliqu\u00e9.<\/p>\n<p>M.Tazi a en outre, estim\u00e9 que le bin\u00f4me \u0153uvrera \u00e0 redonner la confiance en le capital marocain, encourager l\u2019investissement national, r\u00e9duire le gap entre le secteur formel et le secteur informel, d\u00e9velopper une politique volontariste du financement des TPME et trouver des m\u00e9canismes pour r\u00e9soudre le probl\u00e8me des retards de paiement.<\/p>\n<p>Concernant la question du financement des TPME par les banques, il a relev\u00e9 que la garantie de l\u2019Etat doit substituer la garantie des TPME, appelant \u00e0 cr\u00e9er un environnement propice au d\u00e9veloppement des TPME et ce, en r\u00e9servant une partie de la commande publique et des grandes entreprises \u00e0 cette cat\u00e9gorie d\u2019entreprises pour l\u2019aider \u00e0 se d\u00e9velopper et en r\u00e9visant les crit\u00e8res de s\u00e9lection dans les march\u00e9s publics.<\/p>\n<p>Le programme du bin\u00f4me comporte aussi des axes se rapportant au d\u00e9veloppement de l\u2019\u00e9conomie sociale, l\u2019\u00e9conomie bleue, l\u2019\u00e9conomie verte et le digital, qui doit \u00eatre utilis\u00e9 pour booster la comp\u00e9titivit\u00e9 des entreprises marocaines, a-t-il ajout\u00e9, appelant \u00e0 revoir le statut de l\u2019enseignant chercheur afin de rapprocher le monde de la recherche et le monde de l\u2019entreprise.<\/p>\n<p>Cette rencontre s\u2019inscrit dans le cadre d\u2019une tourn\u00e9e qui a men\u00e9 le bin\u00f4me Alj-Tazi \u00e0 plusieurs r\u00e9gions du Maroc, afin de s\u2019informer des besoins et attentes des entreprises et des op\u00e9rateurs \u00e9conomiques de Marrakech-Safi et prendre note de leurs remarques et propositions pour les int\u00e9grer dans le programme d\u2019action de la CGEM.<\/p>\n<p>Le Conseil d\u2019Administration de la CGEM r\u00e9uni, le 16 d\u00e9cembre dernier, a valid\u00e9 la candidature du bin\u00f4me Chakib Alj et Ahmed Mehdi Tazi.<\/p>\n<p>M.Chakib Alj a, ainsi, \u00e9t\u00e9 admis \u00e0 pr\u00e9senter sa candidature \u00e0 l\u2019occasion de l\u2019Assembl\u00e9e G\u00e9n\u00e9rale Ordinaire \u00c9lective, pr\u00e9vue le 22 janvier 2020, en tant que candidat \u00e0 la fonction de Pr\u00e9sident de la CGEM et Ahmed Mehdi Tazi en tant que vice-pr\u00e9sident de l\u2019organisation patronale.<\/p>\n<\/div>\n<p>Auteur: Meriem IGASS<br \/>\n<a href=\"http:\/\/www.mapmarrakech.ma\/fr\/cgem-2\/\">Cliquez ici pour lire l&rsquo;article depuis sa source.<\/a><\/p>\n","protected":false},"excerpt":{"rendered":"<p>Marrakech \u2013 La Conf\u00e9d\u00e9ration g\u00e9n\u00e9rale des entreprises du Maroc (CGEM) est appel\u00e9e \u00e0 \u00e9voluer et s\u2019adapter aux d\u00e9fis auxquels font face les entreprises marocaines, a soulign\u00e9 vendredi, \u00e0 Marrakech, le candidat \u00e0 la pr\u00e9sidence de l\u2019organisation patronale, Chakib Alj. M.Alj, qui intervenait \u00e0 une rencontre de concertation et d\u2019\u00e9changes avec les op\u00e9rateurs \u00e9conomiques et les [&hellip;]<\/p>\n","protected":false},"author":1788,"featured_media":0,"comment_status":"closed","ping_status":"closed","sticky":false,"template":"","format":"standard","meta":{"fifu_image_url":"","fifu_image_alt":"","footnotes":""},"categories":[54,76],"tags":[],"class_list":["post-71505","post","type-post","status-publish","format-standard","hentry","category-maroc","category-regions"],"_links":{"self":[{"href":"https:\/\/linitiative.ca\/International\/wp-json\/wp\/v2\/posts\/71505","targetHints":{"allow":["GET"]}}],"collection":[{"href":"https:\/\/linitiative.ca\/International\/wp-json\/wp\/v2\/posts"}],"about":[{"href":"https:\/\/linitiative.ca\/International\/wp-json\/wp\/v2\/types\/post"}],"author":[{"embeddable":true,"href":"https:\/\/linitiative.ca\/International\/wp-json\/wp\/v2\/users\/1788"}],"replies":[{"embeddable":true,"href":"https:\/\/linitiative.ca\/International\/wp-json\/wp\/v2\/comments?post=71505"}],"version-history":[{"count":0,"href":"https:\/\/linitiative.ca\/International\/wp-json\/wp\/v2\/posts\/71505\/revisions"}],"wp:attachment":[{"href":"https:\/\/linitiative.ca\/International\/wp-json\/wp\/v2\/media?parent=71505"}],"wp:term":[{"taxonomy":"category","embeddable":true,"href":"https:\/\/linitiative.ca\/International\/wp-json\/wp\/v2\/categories?post=71505"},{"taxonomy":"post_tag","embeddable":true,"href":"https:\/\/linitiative.ca\/International\/wp-json\/wp\/v2\/tags?post=71505"}],"curies":[{"name":"wp","href":"https:\/\/api.w.org\/{rel}","templated":true}]}}