{"id":71508,"date":"2019-12-28T06:56:29","date_gmt":"2019-12-28T11:56:29","guid":{"rendered":"https:\/\/linitiative.ca\/International\/oran-la-gestion-des-dechets-dabattage-pose-probleme\/"},"modified":"2019-12-28T06:56:29","modified_gmt":"2019-12-28T11:56:29","slug":"oran-la-gestion-des-dechets-dabattage-pose-probleme","status":"publish","type":"post","link":"https:\/\/linitiative.ca\/International\/oran-la-gestion-des-dechets-dabattage-pose-probleme\/","title":{"rendered":"Oran : la gestion des d\u00e9chets d&rsquo;abattage pose probl\u00e8me"},"content":{"rendered":"<div readability=\"35\">\n<p><strong>ORAN- Les d\u00e9chets d\u2019abattage g\u00e9n\u00e9r\u00e9s par plus d\u2019une trentaine d\u2019abattoirs agr\u00e9\u00e9s dans la wilaya d\u2019Oran continuent \u00e0 \u00eatre trait\u00e9s au niveau des centres d\u2019enfouissement techniques (CET) alors que la\u00a0r\u00e9glementation en vigueur pr\u00e9voit leur incin\u00e9ration en tant que d\u00e9chets sp\u00e9ciaux.<\/strong><\/p>\n<\/div>\n<div readability=\"87.5\">\n<p>L\u2019inspectrice v\u00e9t\u00e9rinaire g\u00e9n\u00e9rale de la wilaya d\u2019Oran, Nabila Bencheikh, est cat\u00e9gorique : aucun des huit abattoirs d\u2019ovins et bovins et vingt-trois autres de volailles ne dispose d\u2019un incin\u00e9rateur, a-t-elle indiqu\u00e9 \u00e0 l\u2019APS.<\/p>\n<blockquote readability=\"10\">\n<p><em><strong>Ces abattoirs sont tous conventionn\u00e9s avec les CET qui proc\u00e8dent au traitement de leurs d\u00e9chets. Toutefois, ces centres rencontrent des difficult\u00e9s \u00e0 g\u00e9rer ces flux de d\u00e9chets dont le traitement repr\u00e9sente\u00a0plusieurs inconv\u00e9nients, notamment le co\u00fbt de l\u2019op\u00e9ration et l\u2019\u00e9manation des odeurs.<\/strong><\/em><\/p>\n<\/blockquote>\n<p>La directrice du l\u2019EPIC CET Oran, Dalila Chellal, pr\u00e9cise que les trois CET de la wilaya, ceux de Hassi Bounif, El-An\u00e7or et Arzew, re\u00e7oivent quotidiennement une moyenne de 90 tonnes de d\u00e9chets d\u2019abattage.<\/p>\n<p>Toutefois, ces d\u00e9chets ne sont pas enfouis de la m\u00eame mani\u00e8re que les d\u00e9chets m\u00e9nagers.<\/p>\n<blockquote readability=\"12\">\n<p><em><strong>\u00ab\u00a0Il est n\u00e9cessaires de les couvrir avec de la chaux, ce qui repr\u00e9sente un co\u00fbt suppl\u00e9mentaire\u00a0\u00bb, a soulign\u00e9 Mme Chellal ajoutant que malgr\u00e9 toutes les dispositions prises, des odeurs peuvent \u00e9maner apr\u00e8s l\u2019enfouissement de ce type de d\u00e9chets, ce qui pourrait causer des d\u00e9sagr\u00e9ments aux populations\u00a0riveraines.<\/strong><\/em><\/p>\n<\/blockquote>\n<p>Le montant vers\u00e9 par les abattoirs pour l\u2019enfouissement de leurs d\u00e9chets est de 1.000 DA la tonne, alors que le traitement par les CET reviendrait au minimum \u00e0 2.500 DA, a encore not\u00e9 la m\u00eame responsable.<\/p>\n<p>De son c\u00f4t\u00e9, la directrice locale de l\u2019environnement, Samira Dahou, rappelle que le plan de gestion de d\u00e9chets sp\u00e9ciaux et d\u00e9chets sp\u00e9ciaux dangereux dans la wilaya d\u2019Oran, valid\u00e9 en 2017, stipule que les d\u00e9chets d\u2019abattage doivent \u00eatre incin\u00e9r\u00e9s, pour \u00e9viter toute contamination.<\/p>\n<blockquote readability=\"14\">\n<p><em><strong>Une r\u00e9union a r\u00e9cemment \u00e9t\u00e9 tenue avec les diff\u00e9rents acteurs dans ce domaine, pour proposer des solutions \u00e0 cette situation, a affirm\u00e9 la m\u00eame responsable, ajoutant les abattoirs doivent, soit acqu\u00e9rir leurs propres incin\u00e9rateurs, soit signer des conventions avec des op\u00e9rateurs sp\u00e9cialis\u00e9s, inexistants sur le terrain.<\/strong><\/em><\/p>\n<\/blockquote>\n<p>Dans ce sens, la directrice locale de l\u2019environnement a indiqu\u00e9 que pas moins de cinq op\u00e9rateurs ont d\u00e9pos\u00e9 des demandes d\u2019agr\u00e9ment pour se lancer dans cette nouvelle activit\u00e9, estimant que ces futures entreprises sp\u00e9cialis\u00e9es pourraient apporter une solution d\u00e9finitive \u00e0 ce probl\u00e8me.<\/p>\n<blockquote readability=\"7\">\n<p><em><strong>\u00ab\u00a0La cr\u00e9ation de ces entreprises sp\u00e9cialis\u00e9es devrait se faire durant l\u2019ann\u00e9e 2020\u00a0\u00bb, a-t-elle ajout\u00e9.<\/strong><\/em><\/p>\n<\/blockquote>\n<\/div>\n<p>Auteur:<br \/>\n<a href=\"http:\/\/www.aps.dz\/regions\/99485-oran-la-gestion-des-dechets-d-abattage-pose-probleme\">Cliquez ici pour lire l&rsquo;article depuis sa source.<\/a><\/p>\n","protected":false},"excerpt":{"rendered":"<p>ORAN- Les d\u00e9chets d\u2019abattage g\u00e9n\u00e9r\u00e9s par plus d\u2019une trentaine d\u2019abattoirs agr\u00e9\u00e9s dans la wilaya d\u2019Oran continuent \u00e0 \u00eatre trait\u00e9s au niveau des centres d\u2019enfouissement techniques (CET) alors que la\u00a0r\u00e9glementation en vigueur pr\u00e9voit leur incin\u00e9ration en tant que d\u00e9chets sp\u00e9ciaux. L\u2019inspectrice v\u00e9t\u00e9rinaire g\u00e9n\u00e9rale de la wilaya d\u2019Oran, Nabila Bencheikh, est cat\u00e9gorique : aucun des huit abattoirs [&hellip;]<\/p>\n","protected":false},"author":1790,"featured_media":0,"comment_status":"closed","ping_status":"closed","sticky":false,"template":"","format":"standard","meta":{"fifu_image_url":"","fifu_image_alt":"","footnotes":""},"categories":[53,76],"tags":[],"class_list":["post-71508","post","type-post","status-publish","format-standard","hentry","category-algerie","category-regions"],"_links":{"self":[{"href":"https:\/\/linitiative.ca\/International\/wp-json\/wp\/v2\/posts\/71508","targetHints":{"allow":["GET"]}}],"collection":[{"href":"https:\/\/linitiative.ca\/International\/wp-json\/wp\/v2\/posts"}],"about":[{"href":"https:\/\/linitiative.ca\/International\/wp-json\/wp\/v2\/types\/post"}],"author":[{"embeddable":true,"href":"https:\/\/linitiative.ca\/International\/wp-json\/wp\/v2\/users\/1790"}],"replies":[{"embeddable":true,"href":"https:\/\/linitiative.ca\/International\/wp-json\/wp\/v2\/comments?post=71508"}],"version-history":[{"count":0,"href":"https:\/\/linitiative.ca\/International\/wp-json\/wp\/v2\/posts\/71508\/revisions"}],"wp:attachment":[{"href":"https:\/\/linitiative.ca\/International\/wp-json\/wp\/v2\/media?parent=71508"}],"wp:term":[{"taxonomy":"category","embeddable":true,"href":"https:\/\/linitiative.ca\/International\/wp-json\/wp\/v2\/categories?post=71508"},{"taxonomy":"post_tag","embeddable":true,"href":"https:\/\/linitiative.ca\/International\/wp-json\/wp\/v2\/tags?post=71508"}],"curies":[{"name":"wp","href":"https:\/\/api.w.org\/{rel}","templated":true}]}}