{"id":71510,"date":"2019-12-28T13:32:27","date_gmt":"2019-12-28T18:32:27","guid":{"rendered":"https:\/\/linitiative.ca\/International\/programme-dembellissement-de-la-capitale-creation-de-5-nouvelles-forets-recreatives\/"},"modified":"2019-12-28T13:32:27","modified_gmt":"2019-12-28T18:32:27","slug":"programme-dembellissement-de-la-capitale-creation-de-5-nouvelles-forets-recreatives","status":"publish","type":"post","link":"https:\/\/linitiative.ca\/International\/programme-dembellissement-de-la-capitale-creation-de-5-nouvelles-forets-recreatives\/","title":{"rendered":"Programme d&#8217;embellissement de la capitale: cr\u00e9ation de 5 nouvelles for\u00eats r\u00e9cr\u00e9atives"},"content":{"rendered":"<div readability=\"37\">\n<p><strong>ALGER &#8211; Dans le cadre du programme embellissement de la capitale 2019\/2020 le secteur des For\u00eats verra prochainement dans la wilaya d&rsquo;Alger la cr\u00e9ation de 5 nouvelles for\u00eats r\u00e9cr\u00e9atives, qui seront r\u00e9ceptionn\u00e9es progressivement, a annonc\u00e9 samedi, le wali Abdelkhalek Sayouda.<\/strong><\/p>\n<\/div>\n<div readability=\"112.392565252\">\n<p>Supervisant une op\u00e9ration de plantation au titre du programme de sensibilisation \u00ab\u00a0Mon environnement 4\u00a0\u00bb, initi\u00e9 par la Direction des For\u00eats et de la Ceinture verte d&rsquo;Alger, au niveau Dounia Parc \u00e0 Dely Brahim, le wali a fait \u00e9tat de la cr\u00e9ation en cours de 5 nouvelles for\u00eats r\u00e9cr\u00e9atives \u00e0 travers plusieurs circonscriptions administratives dans le cadre du programme d&#8217;embellissement de la capitale 2019\/2020, en plus de l&rsquo;am\u00e9nagement d&rsquo;autres espaces forestiers pour offrir aux citoyens des espaces de d\u00e9tente, de loisir et de pratique sportive.<\/p>\n<p>M. Sayouda a indiqu\u00e9 que dans le cadre de la r\u00e9alisation de la Ceinture verte, un riche programme a \u00e9t\u00e9 lanc\u00e9 en octobre dernier et devant prendre fin en mars prochain, portant sur la plantation d&rsquo;arbustes dans les espaces verts au niveau des nouvelles cit\u00e9s, des diff\u00e9rents \u00e9tablissements scolaires, des espaces publics ainsi que sur les grands axes routiers.<\/p>\n<p>Le programme d&rsquo;am\u00e9nagement et de valorisation des espaces forestiers \u00e0 Alger inclus, en outre, la r\u00e9habilitation des jardins publics, en coordination avec les communes, outre l&rsquo;affectation de dotations financi\u00e8res pour l&rsquo;acquisition d&rsquo;arbustes qui seront plant\u00e9s au niveau des cit\u00e9s, a-t-il ajout\u00e9. \u00a0\u00a0\u00a0\u00a0\u00a0\u00a0\u00a0\u00a0\u00a0\u00a0<\/p>\n<p>De son c\u00f4t\u00e9, le directeur des For\u00eats et de la Ceinture verte de la wilaya d&rsquo;Alger, Noureddine Ba\u00e2ziz a FAIT SAVOIR que l&rsquo;op\u00e9ration de reboisement est plac\u00e9e sous le slogan \u00ab\u00a0La bataille verte\u00a0\u00bb et qu&rsquo;elle s&rsquo;inscrit dans le cadre du programme de sensibilisation \u00a0\u00bb Mon environnement vert\u00a0\u00bb dans sa 4e \u00e9dition, lequel a vu la plantation de plus de 1.000 arbustes de diff\u00e9rents types et la participation de 20 associations activant dans le domaine de la protection de l&rsquo;environnement ainsi que des \u00e9l\u00e8ves de Clubs verts.<\/p>\n<p>L&rsquo;op\u00e9ration de plantation de plus de 43.000 arbrisseaux se poursuit dans le cadre du programme de sensibilisation \u00ab\u00a0mon environnement 4\u00a0\u00bb, avec l&rsquo;implication des \u00e9l\u00e8ves des \u00e9tablissements scolaires.<\/p>\n<hr\/>\n<p><strong><em>Lire aussi:\u00a0\u00a0<a href=\"http:\/\/www.aps.dz\/economie\/99123-programme-national-de-reboisement-l-ambassade-de-chine-contribue-avec-200-000-plants\">Programme national de\u00a0<span class=\"highlight\">reboisement<\/span>: l&rsquo;ambassade de Chine contribue avec 200.000 plants<\/a><\/em><\/strong><\/p>\n<hr\/>\n<p>Pour sa part, la charg\u00e9e de l&rsquo;information \u00e0 la direction des For\u00eats de la wilaya d&rsquo;Alger, Mme Sa\u00efdi Imane a indiqu\u00e9 que l&rsquo;op\u00e9ration a \u00e9t\u00e9 consacr\u00e9e aujourd&rsquo;hui \u00e0 un concours, plac\u00e9 sous le th\u00e8me \u00ab\u00a0La bataille verte\u00a0\u00bb, encadr\u00e9 par des agents forestiers o\u00f9 des carr\u00e9s de terrain sont r\u00e9serv\u00e9s \u00e0 \u00ab\u00a0Dounia parc\u00a0\u00bb \u00e0 chacune des 20 associations participant \u00e0 cet action de sensibilisation.<\/p>\n<p>Le travail de chaque association sera \u00e9valu\u00e9 et not\u00e9 par une commission sp\u00e9ciale qui aura \u00e0 choisir 3 laur\u00e9ats, lesquels auront le plus respect\u00e9 les conditions de plantation.\u00a0\u00a0<\/p>\n<p>En marge de cette op\u00e9ration de sensibilisation, des ateliers p\u00e9dagogiques ont \u00e9t\u00e9 organis\u00e9s sur le recyclage et le tri s\u00e9lectif des ordures, en sus d&rsquo;ateliers de dessin visant \u00e0 ancrer le principe de protection de l&rsquo;environnement chez les enfants en vue de pr\u00e9server le patrimoine forestier contre les feux et la propagation des maladies parasitaires.<\/p>\n<p>Le directeur g\u00e9n\u00e9ral de l&rsquo;Office des parcs des sports et des loisirs (OPLA) de la wilaya d&rsquo;Alger, Lyes Guemgani qui assure la gestion de \u00ab\u00a0Dounia parc\u00a0\u00bb a valoris\u00e9 ce genre d&rsquo;initiatives en ce sens o\u00f9 elles permettent d&rsquo;inculquer, aux nouvelles g\u00e9n\u00e9rations, une culture environnementale, affirmant une forte affluence des familles, en ces vacances d&rsquo;hiver, vers les diff\u00e9rents espaces de loisirs \u00e0 travers la wilaya d&rsquo;Alger.<\/p>\n<p>Le patrimoine forestier de la wilaya d&rsquo;Alger s&rsquo;\u00e9tend sur plus 5000 ha de superficie, r\u00e9partis \u00e0 travers 113 sites forestiers, dont un nombre important se trouve au niveau des agglom\u00e9rations, soit une superficie estim\u00e9e entre 1 et 8 ha, alors que les grandes for\u00eats de la capitale s&rsquo;\u00e9tendent sur une superficie de 300 \u00e0 600 ha.<\/p>\n<\/div>\n<p>Auteur:<br \/>\n<a href=\"http:\/\/www.aps.dz\/regions\/99503-programme-d-embellissement-de-la-capitale-creation-de-5-nouvelles-forets-recreatives\">Cliquez ici pour lire l&rsquo;article depuis sa source.<\/a><\/p>\n","protected":false},"excerpt":{"rendered":"<p>ALGER &#8211; Dans le cadre du programme embellissement de la capitale 2019\/2020 le secteur des For\u00eats verra prochainement dans la wilaya d&rsquo;Alger la cr\u00e9ation de 5 nouvelles for\u00eats r\u00e9cr\u00e9atives, qui seront r\u00e9ceptionn\u00e9es progressivement, a annonc\u00e9 samedi, le wali Abdelkhalek Sayouda. Supervisant une op\u00e9ration de plantation au titre du programme de sensibilisation \u00ab\u00a0Mon environnement 4\u00a0\u00bb, initi\u00e9 [&hellip;]<\/p>\n","protected":false},"author":1790,"featured_media":0,"comment_status":"closed","ping_status":"closed","sticky":false,"template":"","format":"standard","meta":{"fifu_image_url":"","fifu_image_alt":"","footnotes":""},"categories":[53,76],"tags":[],"class_list":["post-71510","post","type-post","status-publish","format-standard","hentry","category-algerie","category-regions"],"_links":{"self":[{"href":"https:\/\/linitiative.ca\/International\/wp-json\/wp\/v2\/posts\/71510","targetHints":{"allow":["GET"]}}],"collection":[{"href":"https:\/\/linitiative.ca\/International\/wp-json\/wp\/v2\/posts"}],"about":[{"href":"https:\/\/linitiative.ca\/International\/wp-json\/wp\/v2\/types\/post"}],"author":[{"embeddable":true,"href":"https:\/\/linitiative.ca\/International\/wp-json\/wp\/v2\/users\/1790"}],"replies":[{"embeddable":true,"href":"https:\/\/linitiative.ca\/International\/wp-json\/wp\/v2\/comments?post=71510"}],"version-history":[{"count":0,"href":"https:\/\/linitiative.ca\/International\/wp-json\/wp\/v2\/posts\/71510\/revisions"}],"wp:attachment":[{"href":"https:\/\/linitiative.ca\/International\/wp-json\/wp\/v2\/media?parent=71510"}],"wp:term":[{"taxonomy":"category","embeddable":true,"href":"https:\/\/linitiative.ca\/International\/wp-json\/wp\/v2\/categories?post=71510"},{"taxonomy":"post_tag","embeddable":true,"href":"https:\/\/linitiative.ca\/International\/wp-json\/wp\/v2\/tags?post=71510"}],"curies":[{"name":"wp","href":"https:\/\/api.w.org\/{rel}","templated":true}]}}