{"id":71511,"date":"2019-12-27T17:03:44","date_gmt":"2019-12-27T22:03:44","guid":{"rendered":"https:\/\/linitiative.ca\/International\/8e-salon-de-less-25-cooperatives-et-associations-primees\/"},"modified":"2019-12-27T17:03:44","modified_gmt":"2019-12-27T22:03:44","slug":"8e-salon-de-less-25-cooperatives-et-associations-primees","status":"publish","type":"post","link":"https:\/\/linitiative.ca\/International\/8e-salon-de-less-25-cooperatives-et-associations-primees\/","title":{"rendered":"8\u00e8 Salon de l\u2019ESS: 25 coop\u00e9ratives et associations prim\u00e9es"},"content":{"rendered":"<p class=\"c4\">Deux associations et 23 coop\u00e9ratives \u0153uvrant dans le domaine de l\u2019\u00e9conomie sociale et solidaire (ESS) et participant \u00e0 la 8e \u00e9dition du Salon national de l\u2019ESS ont \u00e9t\u00e9 prim\u00e9es, vendredi \u00e0 Sal\u00e9, lors d\u2019une c\u00e9r\u00e9monie organis\u00e9e par le minist\u00e8re du Tourisme, de l\u2019Artisanat, du Transport a\u00e9rien et de l\u2019\u00c9conomie sociale, en collaboration avec des partenaires annonceurs.<\/p>\n<p class=\"c4\">Les 25 vainqueurs ont \u00e9t\u00e9 s\u00e9lectionn\u00e9s parmi 700 exposants ayant particip\u00e9 au Salon national de l\u2019ESS, organis\u00e9 sous le Haut Patronage de SM le Roi Mohammed VI, du 8 au 19 novembre \u00e0 Oujda, sur la base d\u2019un ensemble de crit\u00e8res, en particulier le respect du cadre l\u00e9gal des institutions de l\u2019ESS, la bonne gouvernance, l\u2019\u00e9conomie verte et la protection de l\u2019environnement, l\u2019approche genre, la cr\u00e9ation d\u2019emplois, la valorisation du produit et le respect des mesures de s\u00e9curit\u00e9 sanitaire.<\/p>\n<p class=\"c4\">Les prix p\u00e9cuniaires offerts par les diff\u00e9rents partenaires annonceurs ont atteint une valeur globale de 645.000 Dhs. Ils ont r\u00e9compens\u00e9 la bonne gouvernance, la meilleure initiative num\u00e9rique, le meilleur projet g\u00e9n\u00e9rateur de revenus, le meilleur projet int\u00e9grant les personnes en situation de handicap, le meilleur projet int\u00e9grant les femmes, l\u2019excellence, la cr\u00e9ativit\u00e9 sociale, la meilleure initiative f\u00e9minine et sociale, le patrimoine artisanal, l\u2019\u00e9conomie sociale verte, la cr\u00e9ativit\u00e9 dans le patrimoine artisanal, et l\u2019impact social.<\/p>\n<p class=\"c4\">La c\u00e9r\u00e9monie a \u00e9t\u00e9 agr\u00e9ment\u00e9e par la projection d\u2019un film institutionnel retra\u00e7ant les moments forts du Salon national de l\u2019ESS, outre l\u2019exposition des produits des coop\u00e9ratives et des associations prim\u00e9es, et la pr\u00e9sentation de diff\u00e9rentes animations artistiques.<\/p>\n<p class=\"c4\">A cette occasion, un stand des produits de terroir a \u00e9t\u00e9 organis\u00e9 au Palais des congr\u00e8s \u00ab\u00a0Le Bouregreg\u00a0\u00bb \u00e0 Sal\u00e9, refl\u00e9tant l\u2019\u00e9norme travail effectu\u00e9 par des coop\u00e9ratives et associations vainqueurs de plusieurs r\u00e9gions du Royaume, et sp\u00e9cialis\u00e9es dans plusieurs domaines (artisanat, produits de proximit\u00e9, valorisation des plantes aromatiques et m\u00e9dicinales, habits traditionnels\u2026 ).<\/p>\n<p class=\"c4\">Pr\u00e9sidant la c\u00e9r\u00e9monie de remise des prix de l\u2019ESS, la ministre du Tourisme, de l\u2019Artisanat, du Transport a\u00e9rien et de l\u2019\u00c9conomie sociale, Nadia Fettah Alaoui, a estim\u00e9 que la c\u00e9r\u00e9monie a permis de c\u00e9l\u00e9brer le r\u00f4le efficace et la contribution distingu\u00e9e des acteurs du secteur de l\u2019ESS, en particulier les coop\u00e9ratives, les soci\u00e9t\u00e9s et les entreprises sociales, ajoutant que cette c\u00e9r\u00e9monie a \u00e9t\u00e9 l\u2019occasion d\u2019encourager et de soutenir l\u2019ESS, qui contribue au progr\u00e8s de l\u2019\u00e9conomie nationale en cr\u00e9ant des opportunit\u00e9s d\u2019emploi pour les jeunes et les femmes et en r\u00e9duisant les disparit\u00e9s sociales et spatiales.<\/p>\n<p class=\"c4\">La ministre a not\u00e9 que l\u2019attribution de ces prix vise \u00e0 encourager la cr\u00e9ativit\u00e9 et l\u2019innovation dans le domaine de l\u2019ESS, et \u00e0 garantir le respect des normes de qualit\u00e9 qui rev\u00eatent une importance particuli\u00e8re dans la commercialisation de ces produits, ainsi qu\u2019\u00e0 faire conna\u00eetre les entreprises et les produits de l\u2019\u00e9conomie sociale et solidaire.<\/p>\n<p class=\"c4\">Pour sa part, le vice-Pr\u00e9sident du Conseil r\u00e9gional de l\u2019Oriental, Taib Mesbahi, a salu\u00e9 l\u2019organisation par la r\u00e9gion de l\u2019Oriental de la 8e \u00e9dition du Salon national de l\u2019ESS, soulignant l\u2019importance de ces initiatives pour mettre en valeur les produits des zones rurales recul\u00e9es, et attirer l\u2019attention sur les femmes et les hommes de ces r\u00e9gions.<\/p>\n<p class=\"c4\">A cet \u00e9gard, M. Mesbahi a soulign\u00e9 le r\u00f4le de ce salon dans la mise en lumi\u00e8re des produits de terroir des diff\u00e9rentes r\u00e9gions du Maroc en g\u00e9n\u00e9ral, et de l\u2019Oriental en particulier, et de les faire conna\u00eetre aux niveaux national, maghr\u00e9bin, m\u00e9diterran\u00e9en et africain, notant le r\u00f4le de la soci\u00e9t\u00e9 civile dans la r\u00e9alisation de cet objectif.<\/p>\n<p class=\"c4\">Le jury de cette c\u00e9r\u00e9monie a \u00e9t\u00e9 compos\u00e9 de membres repr\u00e9sentant le minist\u00e8re du Tourisme, de l\u2019artisanat, du Transport a\u00e9rien et de l\u2019Economie sociale, le Conseil r\u00e9gional de l\u2019Oriental, l\u2019Agence de d\u00e9veloppement social, le Cr\u00e9dit Agricole du Maroc, le groupe OCP, la Banque Populaire, et la Fondation Abdelkader Bensalah.<\/p>\n<p class=\"c4\">Organis\u00e9 sous le th\u00e8me \u00ab\u00a0L\u2019Economie sociale et solidaire : Initiatives renouvelables et opportunit\u00e9s prometteuses\u00a0\u00bb, la 8e \u00e9dition du Salon national de l\u2019ESS, avait pour but de faire de ce type d\u2019\u00e9conomie une locomotive pour le d\u00e9veloppement \u00e9conomique et social, \u00e0 travers la cr\u00e9ation d\u2019activit\u00e9s g\u00e9n\u00e9ratrices de revenu et d\u2019emploi, ainsi que la valorisation des richesses en milieu urbain et rural.<\/p>\n<p>Auteur: Soufiane ELAHMAR<br \/>\n<a href=\"http:\/\/www.mapoujda.ma\/fr\/8e-salon-de-less-25-cooperatives-et-associations-primees\/\">Cliquez ici pour lire l&rsquo;article depuis sa source.<\/a><\/p>\n","protected":false},"excerpt":{"rendered":"<p>Deux associations et 23 coop\u00e9ratives \u0153uvrant dans le domaine de l\u2019\u00e9conomie sociale et solidaire (ESS) et participant \u00e0 la 8e \u00e9dition du Salon national de l\u2019ESS ont \u00e9t\u00e9 prim\u00e9es, vendredi \u00e0 Sal\u00e9, lors d\u2019une c\u00e9r\u00e9monie organis\u00e9e par le minist\u00e8re du Tourisme, de l\u2019Artisanat, du Transport a\u00e9rien et de l\u2019\u00c9conomie sociale, en collaboration avec des partenaires [&hellip;]<\/p>\n","protected":false},"author":1788,"featured_media":0,"comment_status":"closed","ping_status":"closed","sticky":false,"template":"","format":"standard","meta":{"fifu_image_url":"","fifu_image_alt":"","footnotes":""},"categories":[54,76],"tags":[],"class_list":["post-71511","post","type-post","status-publish","format-standard","hentry","category-maroc","category-regions"],"_links":{"self":[{"href":"https:\/\/linitiative.ca\/International\/wp-json\/wp\/v2\/posts\/71511","targetHints":{"allow":["GET"]}}],"collection":[{"href":"https:\/\/linitiative.ca\/International\/wp-json\/wp\/v2\/posts"}],"about":[{"href":"https:\/\/linitiative.ca\/International\/wp-json\/wp\/v2\/types\/post"}],"author":[{"embeddable":true,"href":"https:\/\/linitiative.ca\/International\/wp-json\/wp\/v2\/users\/1788"}],"replies":[{"embeddable":true,"href":"https:\/\/linitiative.ca\/International\/wp-json\/wp\/v2\/comments?post=71511"}],"version-history":[{"count":0,"href":"https:\/\/linitiative.ca\/International\/wp-json\/wp\/v2\/posts\/71511\/revisions"}],"wp:attachment":[{"href":"https:\/\/linitiative.ca\/International\/wp-json\/wp\/v2\/media?parent=71511"}],"wp:term":[{"taxonomy":"category","embeddable":true,"href":"https:\/\/linitiative.ca\/International\/wp-json\/wp\/v2\/categories?post=71511"},{"taxonomy":"post_tag","embeddable":true,"href":"https:\/\/linitiative.ca\/International\/wp-json\/wp\/v2\/tags?post=71511"}],"curies":[{"name":"wp","href":"https:\/\/api.w.org\/{rel}","templated":true}]}}