{"id":71512,"date":"2019-12-27T17:27:39","date_gmt":"2019-12-27T22:27:39","guid":{"rendered":"https:\/\/linitiative.ca\/International\/laref-devoile-son-budget-et-le-plan-daction-2020\/"},"modified":"2019-12-27T17:27:39","modified_gmt":"2019-12-27T22:27:39","slug":"laref-devoile-son-budget-et-le-plan-daction-2020","status":"publish","type":"post","link":"https:\/\/linitiative.ca\/International\/laref-devoile-son-budget-et-le-plan-daction-2020\/","title":{"rendered":"L\u2019AREF d\u00e9voile son budget et le plan d\u2019action 2020"},"content":{"rendered":"<p class=\"c4\">L\u2019Acad\u00e9mie r\u00e9gionale d\u2019\u00e9ducation et de formation (AREF) de l\u2019Oriental a d\u00e9voil\u00e9, jeudi \u00e0 Oujda, son budget et son plan d\u2019action pour l\u2019ann\u00e9e 2020 apr\u00e8s leur validation en conseil d\u2019Administration, ainsi que le bilan des r\u00e9alisations au titre de 2019.<\/p>\n<p class=\"c4\">Le budget global de l\u2019Acad\u00e9mie pour l\u2019ann\u00e9e 2020 a \u00e9t\u00e9 port\u00e9 \u00e0 1.593.077.800 dirhams, r\u00e9parti entre le budget d\u2019exploitation qui s\u2019\u00e9l\u00e8ve \u00e0 856.131.800 DH et celui de l\u2019investissement qui est de l\u2019ordre de 736.946.000 DH, a indiqu\u00e9 le directeur de l\u2019AREF, Mohamed Dib lors d\u2019une conf\u00e9rence de presse, notant que le budget 2020 est en hausse de 21,31 pc par rapport \u00e0 celui de 2019.<\/p>\n<p class=\"c4\">Il a pr\u00e9cis\u00e9 par la m\u00eame occasion que quatre dimensions principales ont \u00e9t\u00e9 prises en compte dans l\u2019\u00e9laboration du plan d\u2019action pour 2020, \u00e0 savoir la cons\u00e9cration des acquis, le d\u00e9veloppement, la durabilit\u00e9 et la qualit\u00e9,<\/p>\n<p class=\"c4\">Et de souligner que les composantes dudit plan sont au nombre de douze, mettant l\u2019accent dans ce sens sur le programme de g\u00e9n\u00e9ralisation et de d\u00e9veloppement du pr\u00e9scolaire, le soutien social au profit des \u00e9l\u00e8ves, le renforcement de l\u2019offre scolaire et des \u00e9coles communautaires, la mise \u00e0 niveau int\u00e9gr\u00e9e des \u00e9tablissements scolaires (y compris le remplacement des constructions en pr\u00e9fabriqu\u00e9), l\u2019\u00e9ducation non formelle, et le programme national de l\u2019\u00e9ducation inclusive.<\/p>\n<p class=\"c4\">Les actions pr\u00e9vues portent aussi sur la mobilisation des ressources humaines n\u00e9cessaires et le renforcement de leurs capacit\u00e9s, l\u2019instauration d\u2019un syst\u00e8me efficient pour l\u2019orientation scolaire, la ma\u00eetrise des langues \u00e9trang\u00e8res, la cr\u00e9ation de la fili\u00e8re \u00ab\u00a0Sport-\u00e9tudes\u00a0\u00bb, le d\u00e9veloppement de l\u2019utilisation des TIC et la cons\u00e9cration des principes de la bonne gouvernance \u00e0 travers la mise en place du concept de projet d\u2019\u00e9tablissement.<\/p>\n<p class=\"c4\">Pour le volet g\u00e9n\u00e9ralisation et d\u00e9veloppement du pr\u00e9scolaire dont le budget est \u00e9valu\u00e9 \u00e0 plus de 138 MDH, a expliqu\u00e9 M. Dib, les actions programm\u00e9es par l\u2019AREF portent, entre autres, sur la construction de 300 classes alors que 100 autres seront mis \u00e0 niveau et 500 seront \u00e9quip\u00e9es, en plus de la formation de 2.400 \u00e9ducateurs et \u00e9ducatrices.<\/p>\n<p class=\"c4\">L\u2019objectif escompt\u00e9 des diff\u00e9rentes actions retenues dans cet axe est de parvenir \u00e0 l\u2019inscription de 51.950 enfants, dont 27.000 dans le secteur public, au titre de l\u2019ann\u00e9e scolaire 2020-2021, contre 36.144 en 2018\/2019 et 47.389 en 2019\/2020.<\/p>\n<p class=\"c4\">Le Directeur de l\u2019Aref de l\u2019Oriental a aussi mis en avant l\u2019int\u00e9r\u00eat accord\u00e9 \u00e0 la r\u00e9alisation de plusieurs op\u00e9rations rentrant dans le cadre du Programme national de l\u2019\u00e9ducation inclusive et dans le sillage de la promotion de l\u2019\u00e9ducation non formelle, et ce avec des budgets respectivement de 2.850.000 DH et 10.040.000 DH.<\/p>\n<p class=\"c4\">Concernant le bilan de 2019, M. Dib a soulign\u00e9 la cr\u00e9ation et l\u2019\u00e9quipement de 533 salles d\u2019enseignement pr\u00e9scolaire en moins de neuf mois, ce qui a permis l\u2019enregistrement de pr\u00e8s de 12.000 enfants suppl\u00e9mentaires pour atteindre un taux de couverture de 55 pc.<\/p>\n<p class=\"c4\">Il a \u00e9galement mis en avant l\u2019am\u00e9lioration et le renforcement des programmes de soutien social, la cr\u00e9ation de cinq nouvelles \u00e9coles communautaires et huit centres de la deuxi\u00e8me chance-nouvelle g\u00e9n\u00e9ration.<\/p>\n<p class=\"c4\">S\u2019agissant de la mise \u00e0 niveau des \u00e9tablissements scolaires et internats, y compris le programme r\u00e9gional de remplacement du pr\u00e9fabriqu\u00e9, il a fait savoir que trois directions provinciales relevant de l\u2019AREF de l\u2019Oriental ont \u00e9t\u00e9 d\u00e9clar\u00e9es \u00absans pr\u00e9fabriqu\u00e9\u00bb en 2019.<\/p>\n<p class=\"c4\">Au niveau de la r\u00e9gion de l\u2019Oriental, les \u00e9tablissements d\u2019enseignement public sont au nombre de 889, contre 869 en 2018\/2019, alors que le nombre des internats est pass\u00e9 de 89 en 2018\/2019 \u00e0 96 en 2019\/2020 et celui des \u00e9coles communautaires de 31 \u00e0 35.<\/p>\n<p>Auteur: Soufiane ELAHMAR<br \/>\n<a href=\"http:\/\/www.mapoujda.ma\/fr\/laref-devoile-son-budget-et-le-plan-daction-2020\/\">Cliquez ici pour lire l&rsquo;article depuis sa source.<\/a><\/p>\n","protected":false},"excerpt":{"rendered":"<p>L\u2019Acad\u00e9mie r\u00e9gionale d\u2019\u00e9ducation et de formation (AREF) de l\u2019Oriental a d\u00e9voil\u00e9, jeudi \u00e0 Oujda, son budget et son plan d\u2019action pour l\u2019ann\u00e9e 2020 apr\u00e8s leur validation en conseil d\u2019Administration, ainsi que le bilan des r\u00e9alisations au titre de 2019. Le budget global de l\u2019Acad\u00e9mie pour l\u2019ann\u00e9e 2020 a \u00e9t\u00e9 port\u00e9 \u00e0 1.593.077.800 dirhams, r\u00e9parti entre [&hellip;]<\/p>\n","protected":false},"author":1788,"featured_media":0,"comment_status":"closed","ping_status":"closed","sticky":false,"template":"","format":"standard","meta":{"fifu_image_url":"","fifu_image_alt":"","footnotes":""},"categories":[54,76],"tags":[],"class_list":["post-71512","post","type-post","status-publish","format-standard","hentry","category-maroc","category-regions"],"_links":{"self":[{"href":"https:\/\/linitiative.ca\/International\/wp-json\/wp\/v2\/posts\/71512","targetHints":{"allow":["GET"]}}],"collection":[{"href":"https:\/\/linitiative.ca\/International\/wp-json\/wp\/v2\/posts"}],"about":[{"href":"https:\/\/linitiative.ca\/International\/wp-json\/wp\/v2\/types\/post"}],"author":[{"embeddable":true,"href":"https:\/\/linitiative.ca\/International\/wp-json\/wp\/v2\/users\/1788"}],"replies":[{"embeddable":true,"href":"https:\/\/linitiative.ca\/International\/wp-json\/wp\/v2\/comments?post=71512"}],"version-history":[{"count":0,"href":"https:\/\/linitiative.ca\/International\/wp-json\/wp\/v2\/posts\/71512\/revisions"}],"wp:attachment":[{"href":"https:\/\/linitiative.ca\/International\/wp-json\/wp\/v2\/media?parent=71512"}],"wp:term":[{"taxonomy":"category","embeddable":true,"href":"https:\/\/linitiative.ca\/International\/wp-json\/wp\/v2\/categories?post=71512"},{"taxonomy":"post_tag","embeddable":true,"href":"https:\/\/linitiative.ca\/International\/wp-json\/wp\/v2\/tags?post=71512"}],"curies":[{"name":"wp","href":"https:\/\/api.w.org\/{rel}","templated":true}]}}