{"id":71514,"date":"2019-12-27T19:07:09","date_gmt":"2019-12-28T00:07:09","guid":{"rendered":"https:\/\/linitiative.ca\/International\/le-ministere-de-la-justice-met-a-disposition-2-de-ses-batiments\/"},"modified":"2019-12-27T19:07:09","modified_gmt":"2019-12-28T00:07:09","slug":"le-ministere-de-la-justice-met-a-disposition-2-de-ses-batiments","status":"publish","type":"post","link":"https:\/\/linitiative.ca\/International\/le-ministere-de-la-justice-met-a-disposition-2-de-ses-batiments\/","title":{"rendered":"Le minist\u00e8re de la justice met \u00e0 disposition 2 de ses b\u00e2timents"},"content":{"rendered":"<div class=\"single-featured\"><img alt=\"\" data-src=\"http:\/\/www.mapoujda.ma\/map\/uploads\/2019\/12\/Mus\u00e9e-Mohammed-VI-d\u2019art-moderne-et-contemporain-M750\u00d7430-MAP.jpg\"\/><\/div>\n<div class=\"entry-content clearfix single-post-content\" readability=\"46\">\n<p class=\"c4\">Le minist\u00e8re de la Justice a d\u00e9cid\u00e9 de mettre \u00e0 la disposition de la Fondation nationale des mus\u00e9es deux de ses b\u00e2timents situ\u00e9s \u00e0 Oujda et Larache, une initiative qui s\u2019inscrit dans le renforcement de la coop\u00e9ration avec les diff\u00e9rentes institutions nationales.<\/p>\n<p class=\"c4\">A ce effet, le ministre de la justice Mohamed Benabdelkader et le pr\u00e9sident de la Fondation Mehdi Qotbi ont sign\u00e9 jeudi une convention portant sur le lancement des travaux d\u2019am\u00e9nagement pour transformer les deux b\u00e2timents en mus\u00e9es dans les deux villes.<\/p>\n<p class=\"c4\">Dans un communiqu\u00e9, le d\u00e9partement affirme qu\u2019une telle cette initiative illustre sa contribution au rayonnement culturel et artistique du Royaume ainsi qu\u2019\u00e0 la promotion de l\u2019h\u00e9ritage culturel et du capital immat\u00e9riel du Maroc auxquels la Fondation accorde une attention toute particuli\u00e8re.<\/p>\n<\/div>\n<p>Auteur: Soufiane ELAHMAR<br \/>\n<a href=\"http:\/\/www.mapoujda.ma\/fr\/le-ministere-de-la-justice-met-a-disposition-2-de-ses-batiments\/\">Cliquez ici pour lire l&rsquo;article depuis sa source.<\/a><\/p>\n","protected":false},"excerpt":{"rendered":"<p>Le minist\u00e8re de la Justice a d\u00e9cid\u00e9 de mettre \u00e0 la disposition de la Fondation nationale des mus\u00e9es deux de ses b\u00e2timents situ\u00e9s \u00e0 Oujda et Larache, une initiative qui s\u2019inscrit dans le renforcement de la coop\u00e9ration avec les diff\u00e9rentes institutions nationales. A ce effet, le ministre de la justice Mohamed Benabdelkader et le pr\u00e9sident [&hellip;]<\/p>\n","protected":false},"author":1788,"featured_media":71515,"comment_status":"closed","ping_status":"closed","sticky":false,"template":"","format":"standard","meta":{"fifu_image_url":"","fifu_image_alt":"","footnotes":""},"categories":[54,76],"tags":[],"class_list":["post-71514","post","type-post","status-publish","format-standard","has-post-thumbnail","hentry","category-maroc","category-regions"],"_links":{"self":[{"href":"https:\/\/linitiative.ca\/International\/wp-json\/wp\/v2\/posts\/71514","targetHints":{"allow":["GET"]}}],"collection":[{"href":"https:\/\/linitiative.ca\/International\/wp-json\/wp\/v2\/posts"}],"about":[{"href":"https:\/\/linitiative.ca\/International\/wp-json\/wp\/v2\/types\/post"}],"author":[{"embeddable":true,"href":"https:\/\/linitiative.ca\/International\/wp-json\/wp\/v2\/users\/1788"}],"replies":[{"embeddable":true,"href":"https:\/\/linitiative.ca\/International\/wp-json\/wp\/v2\/comments?post=71514"}],"version-history":[{"count":0,"href":"https:\/\/linitiative.ca\/International\/wp-json\/wp\/v2\/posts\/71514\/revisions"}],"wp:featuredmedia":[{"embeddable":true,"href":"https:\/\/linitiative.ca\/International\/wp-json\/"}],"wp:attachment":[{"href":"https:\/\/linitiative.ca\/International\/wp-json\/wp\/v2\/media?parent=71514"}],"wp:term":[{"taxonomy":"category","embeddable":true,"href":"https:\/\/linitiative.ca\/International\/wp-json\/wp\/v2\/categories?post=71514"},{"taxonomy":"post_tag","embeddable":true,"href":"https:\/\/linitiative.ca\/International\/wp-json\/wp\/v2\/tags?post=71514"}],"curies":[{"name":"wp","href":"https:\/\/api.w.org\/{rel}","templated":true}]}}