{"id":71516,"date":"2019-12-28T07:27:04","date_gmt":"2019-12-28T12:27:04","guid":{"rendered":"https:\/\/linitiative.ca\/International\/hcar-un-interet-tout-particulier-accorde-a-laction-sociale\/"},"modified":"2019-12-28T07:27:04","modified_gmt":"2019-12-28T12:27:04","slug":"hcar-un-interet-tout-particulier-accorde-a-laction-sociale","status":"publish","type":"post","link":"https:\/\/linitiative.ca\/International\/hcar-un-interet-tout-particulier-accorde-a-laction-sociale\/","title":{"rendered":"HCAR: Un int\u00e9r\u00eat tout particulier accord\u00e9 \u00e0 l\u2019action sociale"},"content":{"rendered":"<div readability=\"59\">\n<p class=\"c4\">Le Haut-commissaire aux anciens r\u00e9sistants et anciens membres de l\u2019arm\u00e9e de lib\u00e9ration, Mustapha El Ktiri a soulign\u00e9, vendredi \u00e0 Bouarfa, l\u2019int\u00e9r\u00eat particulier accord\u00e9 \u00e0 l\u2019am\u00e9lioration de la situation mat\u00e9rielle et sociale des membres de la famille de la r\u00e9sistance et de l\u2019arm\u00e9e de lib\u00e9ration.<\/p>\n<p class=\"c4\">Intervenant lors d\u2019une rencontre de communication en c\u00e9l\u00e9bration des batailles de Jbel Baddou, M. El Ktiri a pass\u00e9 en revue les multiples initiatives men\u00e9es par le Haut commissariat qui se met constamment au chevet de la famille de la r\u00e9sistance et de l\u2019arm\u00e9e de lib\u00e9ration.<\/p>\n<p class=\"c4\">Il a tenu dans ce sens \u00e0 rappeler la r\u00e9sistance h\u00e9ro\u00efque des habitants de la province de Figuig et des autres provinces et r\u00e9gions du Royaume contre le colonisateur, mettant l\u2019accent sur cette phase marquante dans la lutte du Tr\u00f4ne et du peuple pour la libert\u00e9, l\u2019ind\u00e9pendance et la d\u00e9fense des constantes religieuses et nationales.<\/p>\n<p class=\"c4\">Notant que cette page rayonnante de la lutte contre l\u2019occupant restera grav\u00e9e \u00e0 jamais en lettres d\u2019or dans les annales de l\u2019histoire du Maroc, il a insist\u00e9 sur l\u2019importance de la pr\u00e9servation de la m\u00e9moire nationale, riche en \u00e9pop\u00e9es, et d\u2019inculquer aux nouvelles g\u00e9n\u00e9rations les valeurs de patriotisme et de renforcer leur engagement \u00e0 poursuivre la marche de d\u00e9veloppement et d\u2019\u00e9dification du Maroc fort et nouveau sous la conduite \u00e9clair\u00e9e de SM le Roi Mohammed VI.<\/p>\n<p class=\"c4\">Dans cette m\u00eame veine, M. El Ktiri a mis exergue la Haute sollicitude dont le Souverain ne cesse d\u2019entourer la famille de la r\u00e9sistance et de l\u2019arm\u00e9e de lib\u00e9ration, louant la contribution de cette frange de la soci\u00e9t\u00e9 dans la transmission des valeurs de patriotisme, de citoyennet\u00e9 et de bravoure.<\/p>\n<p class=\"c4\">M. El Ktiri a fait savoir \u00e0 cette occasion qu\u2019au niveau de la province de Figuig, les trois espaces d\u00e9di\u00e9s \u00e0 la m\u00e9moire historique de la r\u00e9sistance et de la lib\u00e9ration, construits et \u00e9quip\u00e9s \u00e0 Bouarfa, Talsint et Figuig par le Haut commissariat avec des partenaires institutionnels, ont \u00e9t\u00e9 visit\u00e9s par quelque 47.854 personnes durant l\u2019ann\u00e9e 2018, contre 42.951 \u00e0 fin novembre 2019.<\/p>\n<p><img class=\"wp-image-16992 aligncenter\" data-src=\"http:\/\/www.mapoujda.ma\/map\/uploads\/2019\/12\/la-famille-de-la-r\u00e9sistance-et-de-l\u2019arm\u00e9e-de-lib\u00e9ration-\u00e0-Bouarfa-M750\u00d7430-MAP.jpg\" alt=\"\" width=\"576\" height=\"330\" srcset=\"http:\/\/www.mapoujda.ma\/map\/uploads\/2019\/12\/la-famille-de-la-r\u00e9sistance-et-de-l\u2019arm\u00e9e-de-lib\u00e9ration-\u00e0-Bouarfa-M750\u00d7430-MAP.jpg 750w, http:\/\/www.mapoujda.ma\/map\/uploads\/2019\/12\/la-famille-de-la-r\u00e9sistance-et-de-l\u2019arm\u00e9e-de-lib\u00e9ration-\u00e0-Bouarfa-M750\u00d7430-MAP-300x172.jpg 300w\" sizes=\"(max-width: 576px) 100vw, 576px\"\/><\/p>\n<p class=\"c4\">Ces structures mus\u00e9ales, cr\u00e9\u00e9es dans le cadre d\u2019un vaste projet men\u00e9 par le Haut commissariat \u00e0 l\u2019\u00e9chelon national, jouent un r\u00f4le de premier plan dans la diffusion de la culture citoyenne, la pr\u00e9servation du patrimoine de la r\u00e9sistance et du nationalisme l\u00e9gu\u00e9 par des patriotes braves qui se sont sacrifi\u00e9s pour le recouvrement de la libert\u00e9 et de l\u2019ind\u00e9pendance du Maroc.<\/p>\n<\/div>\n<div readability=\"44\">\n<p class=\"c4\">Il a aussi fait remarquer que le Haut commissariat a apport\u00e9 un appui financier \u00e0 27 projets au niveau de la province de Figuig dans le cadre de l\u2019int\u00e9r\u00eat accord\u00e9 aux fils des anciens combattants et membres de l\u2019arm\u00e9e de lib\u00e9ration relevant de la province de Figuig par leur encouragement \u00e0 la cr\u00e9ation de PME, pr\u00e9cisant que trois autres demandes sont en cours d\u2019examen, alors que quatre projets g\u00e9n\u00e9rateurs de revenu ont profit\u00e9 ces derni\u00e8res ann\u00e9es d\u2019un financement dans le cadre de l\u2019INDH.<\/p>\n<p class=\"c4\">Au niveau national, plus de 2.400 petits et moyens projets ont \u00e9t\u00e9 appuy\u00e9s dans le cadre de cette initiative du Haut commissariat visant l\u2019acc\u00e9l\u00e9ration de l\u2019int\u00e9gration \u00e9conomique de cette frange de la soci\u00e9t\u00e9 via l\u2019octroi d\u2019aides financi\u00e8res pour r\u00e9aliser de petits et moyens projets \u00e9conomiques, adh\u00e9rer \u00e0 l\u2019initiative priv\u00e9e, \u00e0 l\u2019auto-emploi et \u00e0 l\u2019action entrepreneuriale, a dit M. El Ktiri.<\/p>\n<p class=\"c4\">Par ailleurs, et dans le cadre de la Haute sollicitude dont SM le Roi Mohammed VI entoure la famille de la r\u00e9sistance et l\u2019arm\u00e9e de lib\u00e9ration, un total de 922 anciens r\u00e9sistants et membres de l\u2019arm\u00e9e de lib\u00e9ration, dont six de la province de Figuig, ont \u00e9t\u00e9 d\u00e9cor\u00e9s \u00e0 ce jour de Wissams royaux en signe de reconnaissance des sacrifices consentis pour la patrie.<\/p>\n<p class=\"c4\">Cette rencontre de communication qui s\u2019est d\u00e9roul\u00e9e en pr\u00e9sence du gouverneur de la province de Figuig, Mohamed Derhem, de personnalit\u00e9s civiles et militaires, d\u2019\u00e9lus et de repr\u00e9sentants d\u2019associations de la soci\u00e9t\u00e9 civile, a \u00e9t\u00e9 marqu\u00e9e par la remise d\u2019un wissam royal aux ayants droit du martyr Ali Idder de la commune de Beni Tadjit.<\/p>\n<p class=\"c4\">Un hommage appuy\u00e9 a \u00e9t\u00e9 rendu par la m\u00eame occasion \u00e0 12 anciens r\u00e9sistants de la province pour les services louables rendus \u00e0 la Nation, et des aides financi\u00e8res ont \u00e9t\u00e9 octroy\u00e9es \u00e0 des veuves et des membres de la famille de la r\u00e9sistance et de l\u2019arm\u00e9e de lib\u00e9ration.<\/p>\n<\/div>\n<p>Auteur: Soufiane ELAHMAR<br \/>\n<a href=\"http:\/\/www.mapoujda.ma\/fr\/hcar-un-interet-tout-particulier-accorde-a-laction-sociale\/\">Cliquez ici pour lire l&rsquo;article depuis sa source.<\/a><\/p>\n","protected":false},"excerpt":{"rendered":"<p>Le Haut-commissaire aux anciens r\u00e9sistants et anciens membres de l\u2019arm\u00e9e de lib\u00e9ration, Mustapha El Ktiri a soulign\u00e9, vendredi \u00e0 Bouarfa, l\u2019int\u00e9r\u00eat particulier accord\u00e9 \u00e0 l\u2019am\u00e9lioration de la situation mat\u00e9rielle et sociale des membres de la famille de la r\u00e9sistance et de l\u2019arm\u00e9e de lib\u00e9ration. Intervenant lors d\u2019une rencontre de communication en c\u00e9l\u00e9bration des batailles de [&hellip;]<\/p>\n","protected":false},"author":1788,"featured_media":71517,"comment_status":"closed","ping_status":"closed","sticky":false,"template":"","format":"standard","meta":{"fifu_image_url":"","fifu_image_alt":"","footnotes":""},"categories":[54,76],"tags":[],"class_list":["post-71516","post","type-post","status-publish","format-standard","has-post-thumbnail","hentry","category-maroc","category-regions"],"_links":{"self":[{"href":"https:\/\/linitiative.ca\/International\/wp-json\/wp\/v2\/posts\/71516","targetHints":{"allow":["GET"]}}],"collection":[{"href":"https:\/\/linitiative.ca\/International\/wp-json\/wp\/v2\/posts"}],"about":[{"href":"https:\/\/linitiative.ca\/International\/wp-json\/wp\/v2\/types\/post"}],"author":[{"embeddable":true,"href":"https:\/\/linitiative.ca\/International\/wp-json\/wp\/v2\/users\/1788"}],"replies":[{"embeddable":true,"href":"https:\/\/linitiative.ca\/International\/wp-json\/wp\/v2\/comments?post=71516"}],"version-history":[{"count":0,"href":"https:\/\/linitiative.ca\/International\/wp-json\/wp\/v2\/posts\/71516\/revisions"}],"wp:featuredmedia":[{"embeddable":true,"href":"https:\/\/linitiative.ca\/International\/wp-json\/"}],"wp:attachment":[{"href":"https:\/\/linitiative.ca\/International\/wp-json\/wp\/v2\/media?parent=71516"}],"wp:term":[{"taxonomy":"category","embeddable":true,"href":"https:\/\/linitiative.ca\/International\/wp-json\/wp\/v2\/categories?post=71516"},{"taxonomy":"post_tag","embeddable":true,"href":"https:\/\/linitiative.ca\/International\/wp-json\/wp\/v2\/tags?post=71516"}],"curies":[{"name":"wp","href":"https:\/\/api.w.org\/{rel}","templated":true}]}}