{"id":71518,"date":"2019-12-28T15:14:05","date_gmt":"2019-12-28T20:14:05","guid":{"rendered":"https:\/\/linitiative.ca\/International\/ligue-des-champions-ligue-des-champions-groupe-d-3e-j-la-jsk-tombe-a-casablanca-face-au-raja\/"},"modified":"2019-12-28T15:14:05","modified_gmt":"2019-12-28T20:14:05","slug":"ligue-des-champions-ligue-des-champions-groupe-d-3e-j-la-jsk-tombe-a-casablanca-face-au-raja","status":"publish","type":"post","link":"https:\/\/linitiative.ca\/International\/ligue-des-champions-ligue-des-champions-groupe-d-3e-j-la-jsk-tombe-a-casablanca-face-au-raja\/","title":{"rendered":"Ligue des Champions : Ligue des champions\u2013 Groupe D (3e J) : la JSK tombe \u00e0 Casablanca face au Raja"},"content":{"rendered":"<div readability=\"32\">\n<p>Auteur : <span class=\"time\">samedi 28 d\u00e9cembre 2019 14:44<\/span><\/p>\n<\/div>\n<div id=\"post_core\" readability=\"38\">\n<p>La JS Kabylie a \u00e9t\u00e9 battue par la formation marocaine du Raja Casablanca, deux buts \u00e0 z\u00e9ro, en match comptant pour la 3e journ\u00e9e du groupe D de la Ligue des champions d&rsquo;Afrique, vendredi soir au stade Mohamed V. Les deux r\u00e9alisations des Casablancais ont \u00e9t\u00e9 inscrites au d\u00e9but de la seconde p\u00e9riode par l\u2019entremise de Malango (51e) et Sofiane Rahimi (54e).<\/p>\n<p><strong>Publi\u00e9 dans :<\/strong> <span>JSK<\/span><\/p>\n<\/div>\n<p>Auteur:<br \/>\n<a href=\"http:\/\/www.lebuteur.com\/article\/detail?titre=ligue-des-champions-groupe-d-3e-j-la-jsk-tombe-a-casablanca-face-au-raja&#038;id=93853&#038;utm_source=feedburner&#038;utm_medium=feed&#038;utm_campaign=Feed%3A+GalerieFArtciles+%28Les+derniers+articles++-+lebuteur.com%29\">Cliquez ici pour lire l&rsquo;article depuis sa source.<\/a><\/p>\n","protected":false},"excerpt":{"rendered":"<p>Auteur : samedi 28 d\u00e9cembre 2019 14:44 La JS Kabylie a \u00e9t\u00e9 battue par la formation marocaine du Raja Casablanca, deux buts \u00e0 z\u00e9ro, en match comptant pour la 3e journ\u00e9e du groupe D de la Ligue des champions d&rsquo;Afrique, vendredi soir au stade Mohamed V. Les deux r\u00e9alisations des Casablancais ont \u00e9t\u00e9 inscrites au [&hellip;]<\/p>\n","protected":false},"author":1738,"featured_media":71519,"comment_status":"closed","ping_status":"closed","sticky":false,"template":"","format":"standard","meta":{"fifu_image_url":"","fifu_image_alt":"","footnotes":""},"categories":[53,75],"tags":[],"class_list":["post-71518","post","type-post","status-publish","format-standard","has-post-thumbnail","hentry","category-algerie","category-sport"],"_links":{"self":[{"href":"https:\/\/linitiative.ca\/International\/wp-json\/wp\/v2\/posts\/71518","targetHints":{"allow":["GET"]}}],"collection":[{"href":"https:\/\/linitiative.ca\/International\/wp-json\/wp\/v2\/posts"}],"about":[{"href":"https:\/\/linitiative.ca\/International\/wp-json\/wp\/v2\/types\/post"}],"author":[{"embeddable":true,"href":"https:\/\/linitiative.ca\/International\/wp-json\/wp\/v2\/users\/1738"}],"replies":[{"embeddable":true,"href":"https:\/\/linitiative.ca\/International\/wp-json\/wp\/v2\/comments?post=71518"}],"version-history":[{"count":0,"href":"https:\/\/linitiative.ca\/International\/wp-json\/wp\/v2\/posts\/71518\/revisions"}],"wp:featuredmedia":[{"embeddable":true,"href":"https:\/\/linitiative.ca\/International\/wp-json\/"}],"wp:attachment":[{"href":"https:\/\/linitiative.ca\/International\/wp-json\/wp\/v2\/media?parent=71518"}],"wp:term":[{"taxonomy":"category","embeddable":true,"href":"https:\/\/linitiative.ca\/International\/wp-json\/wp\/v2\/categories?post=71518"},{"taxonomy":"post_tag","embeddable":true,"href":"https:\/\/linitiative.ca\/International\/wp-json\/wp\/v2\/tags?post=71518"}],"curies":[{"name":"wp","href":"https:\/\/api.w.org\/{rel}","templated":true}]}}