{"id":71520,"date":"2019-12-28T15:14:07","date_gmt":"2019-12-28T20:14:07","guid":{"rendered":"https:\/\/linitiative.ca\/International\/ligue-1-2-crb-allik-promu-au-poste-de-directeur-general\/"},"modified":"2019-12-28T15:14:07","modified_gmt":"2019-12-28T20:14:07","slug":"ligue-1-2-crb-allik-promu-au-poste-de-directeur-general","status":"publish","type":"post","link":"https:\/\/linitiative.ca\/International\/ligue-1-2-crb-allik-promu-au-poste-de-directeur-general\/","title":{"rendered":"Ligue 1 &amp; 2 : CRB: Allik promu au poste de directeur g\u00e9n\u00e9ral"},"content":{"rendered":"<div readability=\"32\">\n<p>Auteur : <span class=\"time\">samedi 28 d\u00e9cembre 2019 14:46<\/span><\/p>\n<\/div>\n<div id=\"post_core\" readability=\"44\">\n<p>Le directeur sportif de la SSPA\/ Chabab Riadhi Belouizdad, Sa\u00efd Allik, a \u00e9t\u00e9 finalement promu au poste de Directeur g\u00e9n\u00e9ral, apr\u00e8s avoir \u00e9t\u00e9 pri\u00e9 de quitter le club apr\u00e8s les cong\u00e9s de fin d&rsquo;ann\u00e9e, a indiqu\u00e9 vendredi soir un communiqu\u00e9 du club alg\u00e9rois. Par ailleurs, la direction a d\u00e9cid\u00e9 de \u00ab\u00a0renouveler\u00a0\u00bb sa confiance \u00ab\u00a0au staff technique actuel\u00a0\u00bb, qui avait pris les destin\u00e9es du club par int\u00e9rim, apr\u00e8s le d\u00e9part d&rsquo;Abdelkader Amrani. Ce staff se compose de l&rsquo;entra\u00eeneur adjoint Lotfi Amrouche et de l&rsquo;ancien capitaine belouizdadi Karim Bekhti, et dont la mission \u00e9tait initialement juste de pr\u00e9parer l&rsquo;\u00e9quipe pour le match de coupe contre l&rsquo;IS Tighennif (inter-r\u00e9gions) pr\u00e9vu ce samedi (14h), dans le cadre des 32es de finale de l&rsquo;\u00e9preuve.<\/p>\n<p><strong>Publi\u00e9 dans :<\/strong> <span>CRB<\/span> <span>Allik<\/span><\/p>\n<\/div>\n<p>Auteur:<br \/>\n<a href=\"http:\/\/www.lebuteur.com\/article\/detail?titre=crb-allik-promu-au-poste-de-directeur-general&#038;id=93854&#038;utm_source=feedburner&#038;utm_medium=feed&#038;utm_campaign=Feed%3A+GalerieFArtciles+%28Les+derniers+articles++-+lebuteur.com%29\">Cliquez ici pour lire l&rsquo;article depuis sa source.<\/a><\/p>\n","protected":false},"excerpt":{"rendered":"<p>Auteur : samedi 28 d\u00e9cembre 2019 14:46 Le directeur sportif de la SSPA\/ Chabab Riadhi Belouizdad, Sa\u00efd Allik, a \u00e9t\u00e9 finalement promu au poste de Directeur g\u00e9n\u00e9ral, apr\u00e8s avoir \u00e9t\u00e9 pri\u00e9 de quitter le club apr\u00e8s les cong\u00e9s de fin d&rsquo;ann\u00e9e, a indiqu\u00e9 vendredi soir un communiqu\u00e9 du club alg\u00e9rois. Par ailleurs, la direction a [&hellip;]<\/p>\n","protected":false},"author":1738,"featured_media":71521,"comment_status":"closed","ping_status":"closed","sticky":false,"template":"","format":"standard","meta":{"fifu_image_url":"","fifu_image_alt":"","footnotes":""},"categories":[53,75],"tags":[],"class_list":["post-71520","post","type-post","status-publish","format-standard","has-post-thumbnail","hentry","category-algerie","category-sport"],"_links":{"self":[{"href":"https:\/\/linitiative.ca\/International\/wp-json\/wp\/v2\/posts\/71520","targetHints":{"allow":["GET"]}}],"collection":[{"href":"https:\/\/linitiative.ca\/International\/wp-json\/wp\/v2\/posts"}],"about":[{"href":"https:\/\/linitiative.ca\/International\/wp-json\/wp\/v2\/types\/post"}],"author":[{"embeddable":true,"href":"https:\/\/linitiative.ca\/International\/wp-json\/wp\/v2\/users\/1738"}],"replies":[{"embeddable":true,"href":"https:\/\/linitiative.ca\/International\/wp-json\/wp\/v2\/comments?post=71520"}],"version-history":[{"count":0,"href":"https:\/\/linitiative.ca\/International\/wp-json\/wp\/v2\/posts\/71520\/revisions"}],"wp:featuredmedia":[{"embeddable":true,"href":"https:\/\/linitiative.ca\/International\/wp-json\/"}],"wp:attachment":[{"href":"https:\/\/linitiative.ca\/International\/wp-json\/wp\/v2\/media?parent=71520"}],"wp:term":[{"taxonomy":"category","embeddable":true,"href":"https:\/\/linitiative.ca\/International\/wp-json\/wp\/v2\/categories?post=71520"},{"taxonomy":"post_tag","embeddable":true,"href":"https:\/\/linitiative.ca\/International\/wp-json\/wp\/v2\/tags?post=71520"}],"curies":[{"name":"wp","href":"https:\/\/api.w.org\/{rel}","templated":true}]}}