{"id":71529,"date":"2019-12-28T15:19:10","date_gmt":"2019-12-28T20:19:10","guid":{"rendered":"https:\/\/linitiative.ca\/International\/embellissement-de-la-capitale-creation-de-5-nouvelles-forets-recreatives\/"},"modified":"2019-12-28T15:19:10","modified_gmt":"2019-12-28T20:19:10","slug":"embellissement-de-la-capitale-creation-de-5-nouvelles-forets-recreatives","status":"publish","type":"post","link":"https:\/\/linitiative.ca\/International\/embellissement-de-la-capitale-creation-de-5-nouvelles-forets-recreatives\/","title":{"rendered":"Embellissement de la capitale  : Cr\u00e9ation de 5 nouvelles for\u00eats r\u00e9cr\u00e9atives"},"content":{"rendered":"<p>Dans le cadre du programme d\u2019embellissement de la capitale 2019\/2020, le secteur des For\u00eats verra prochainement la cr\u00e9ation de 5 nouvelles for\u00eats r\u00e9cr\u00e9atives, qui seront r\u00e9ceptionn\u00e9es progressivement, a annonc\u00e9, samedi, le wali Abdelkhalek Sayouda. M. Sayouda a indiqu\u00e9 que dans le cadre de la r\u00e9alisation de la ceinture verte, un riche programme a \u00e9t\u00e9 lanc\u00e9 en octobre dernier et devant prendre fin en mars prochain, portant sur la plantation d\u2019arbustes dans les espaces verts au niveau des nouvelles cit\u00e9s, des diff\u00e9rents \u00e9tablissements scolaires, des espaces publics ainsi que sur les grands axes routiers.\u00a0 Le programme d\u2019am\u00e9nagement et de valorisation des espaces forestiers \u00e0 Alger inclut, en outre, la r\u00e9habilitation des jardins publics, en coordination avec les communes, outre l\u2019affectation de dotations financi\u00e8res pour l\u2019acquisition d\u2019arbustes qui seront plant\u00e9s au niveau des cit\u00e9s, a-t-il ajout\u00e9.\u00a0 De son c\u00f4t\u00e9, le directeur des for\u00eats et de la ceinture verte de la wilaya d\u2019Alger, Noureddine Ba\u00e2ziz a fait savoir que l\u2019op\u00e9ration de reboisement est plac\u00e9e sous le slogan \u2018\u2018La bataille verte\u2019\u2019 et qu\u2019elle s\u2019inscrit dans le cadre du programme de sensibilisation \u2018\u2018Mon environnement vert\u2019\u2019 dans sa 4e \u00e9dition, lequel a vu la plantation de plus de 1.000 arbustes de diff\u00e9rents types et la participation de 20 associations activant dans le domaine de la protection de l\u2019environnement ainsi que des \u00e9l\u00e8ves de clubs verts. L\u2019op\u00e9ration de plantation de plus de 43.000 arbrisseaux se poursuit dans le cadre du programme de sensibilisation \u2018\u2018Mon environnement 4\u2019\u2019, avec l\u2019implication des \u00e9l\u00e8ves des \u00e9tablissements scolaires.\u00a0 Pour sa part, la charg\u00e9e de l\u2019information \u00e0 la direction des For\u00eats de la wilaya d\u2019Alger, Mme Sa\u00efdi Imane, a indiqu\u00e9 que l\u2019op\u00e9ration a \u00e9t\u00e9 consacr\u00e9e aujourd\u2019hui \u00e0 un concours, plac\u00e9 sous le th\u00e8me \u2018\u2018La bataille verte\u2019\u2019, encadr\u00e9 par des agents forestiers o\u00f9 des carr\u00e9s de terrain sont r\u00e9serv\u00e9s \u00e0 \u2018\u2018Dounia parc\u2019\u2019 \u00e0 chacune des 20 associations participant \u00e0 cette action de sensibilisation.\u00a0<\/p>\n<p>Auteur: elmoudjahid<br \/>\n<a href=\"http:\/\/www.elmoudjahid.com\/fr\/actualites\/146413\">Cliquez ici pour lire l&rsquo;article depuis sa source.<\/a><\/p>\n","protected":false},"excerpt":{"rendered":"<p>Dans le cadre du programme d\u2019embellissement de la capitale 2019\/2020, le secteur des For\u00eats verra prochainement la cr\u00e9ation de 5 nouvelles for\u00eats r\u00e9cr\u00e9atives, qui seront r\u00e9ceptionn\u00e9es progressivement, a annonc\u00e9, samedi, le wali Abdelkhalek Sayouda. M. Sayouda a indiqu\u00e9 que dans le cadre de la r\u00e9alisation de la ceinture verte, un riche programme a \u00e9t\u00e9 lanc\u00e9 [&hellip;]<\/p>\n","protected":false},"author":1744,"featured_media":0,"comment_status":"closed","ping_status":"closed","sticky":false,"template":"","format":"standard","meta":{"fifu_image_url":"","fifu_image_alt":"","footnotes":""},"categories":[73,53],"tags":[],"class_list":["post-71529","post","type-post","status-publish","format-standard","hentry","category-actualite","category-algerie"],"_links":{"self":[{"href":"https:\/\/linitiative.ca\/International\/wp-json\/wp\/v2\/posts\/71529","targetHints":{"allow":["GET"]}}],"collection":[{"href":"https:\/\/linitiative.ca\/International\/wp-json\/wp\/v2\/posts"}],"about":[{"href":"https:\/\/linitiative.ca\/International\/wp-json\/wp\/v2\/types\/post"}],"author":[{"embeddable":true,"href":"https:\/\/linitiative.ca\/International\/wp-json\/wp\/v2\/users\/1744"}],"replies":[{"embeddable":true,"href":"https:\/\/linitiative.ca\/International\/wp-json\/wp\/v2\/comments?post=71529"}],"version-history":[{"count":0,"href":"https:\/\/linitiative.ca\/International\/wp-json\/wp\/v2\/posts\/71529\/revisions"}],"wp:attachment":[{"href":"https:\/\/linitiative.ca\/International\/wp-json\/wp\/v2\/media?parent=71529"}],"wp:term":[{"taxonomy":"category","embeddable":true,"href":"https:\/\/linitiative.ca\/International\/wp-json\/wp\/v2\/categories?post=71529"},{"taxonomy":"post_tag","embeddable":true,"href":"https:\/\/linitiative.ca\/International\/wp-json\/wp\/v2\/tags?post=71529"}],"curies":[{"name":"wp","href":"https:\/\/api.w.org\/{rel}","templated":true}]}}