{"id":71530,"date":"2019-12-28T15:19:12","date_gmt":"2019-12-28T20:19:12","guid":{"rendered":"https:\/\/linitiative.ca\/International\/lutte-antiterroriste-arrestation-dun-elementde-soutien-a-blida-et-de-trois-autres-a-blida-et-relizane\/"},"modified":"2019-12-28T15:19:12","modified_gmt":"2019-12-28T20:19:12","slug":"lutte-antiterroriste-arrestation-dun-elementde-soutien-a-blida-et-de-trois-autres-a-blida-et-relizane","status":"publish","type":"post","link":"https:\/\/linitiative.ca\/International\/lutte-antiterroriste-arrestation-dun-elementde-soutien-a-blida-et-de-trois-autres-a-blida-et-relizane\/","title":{"rendered":"Lutte antiterroriste  : Arrestation d\u2019un \u00e9l\u00e9mentde soutien \u00e0 Blida et de trois autres \u00e0 Blida et Relizane"},"content":{"rendered":"<p>Un d\u00e9tachement combin\u00e9 de l\u2019ANP a arr\u00eat\u00e9, le 27 d\u00e9cembre, un \u00e9l\u00e9ment de soutien aux groupes terroristes \u00e0 Blida\/1re RM, tandis qu\u2019un autre d\u00e9tachement de l\u2019ANP, en coordination avec les services de la S\u00fbret\u00e9 nationale, a intercept\u00e9, \u00e0 Ouargla\/4e RM, cinq individus, et r\u00e9cup\u00e9r\u00e9 un pistolet mitrailleur, des munitions et saisi plus de 10 kg de kif trait\u00e9 et une somme de 130 millions de centimes.\u00a0 Quatre autres individus ont \u00e9t\u00e9 arr\u00eat\u00e9s \u00e0 T\u00e9bessa\/5e RM, Ouargla\/4e RM et Sidi-Bel-Abb\u00e8s\/2e RM par des d\u00e9tachements de l\u2019ANP et des \u00e9l\u00e9ments de la Gendarmerie nationale qui ont saisi \u00e9galement lors de cette op\u00e9ration deux v\u00e9hicules, 33.291 comprim\u00e9s psychotropes, et une somme de 2 milliards et 560 millions de centimes.\u00a0 Par ailleurs, des \u00e9l\u00e9ments de la Gendarmerie nationale et des Garde-fronti\u00e8res, ont intercept\u00e9 5 narcotrafiquants et\u00a0 saisi 60 kg de kif trait\u00e9, \u00e0 Tlemcen\/2e RM et Tizi Ouzou\/1re RM.\u00a0\u00a0 Dans le m\u00eame contexte, des d\u00e9tachements de l\u2019ANP et des \u00e9l\u00e9ments de la Gendarmerie nationale ont arr\u00eat\u00e9 \u00e0 Oum El-Bouaghi, Batna \/5e RM et Msila\/1re RM, trois personnes et saisi un v\u00e9hicule, 4 fusils de chasse et 6 kg de poudre noire, tandis qu\u2019un autre d\u00e9tachement de l\u2019ANP a appr\u00e9hend\u00e9 un individu \u00e0 bord d\u2019un v\u00e9hicule tout-terrain charg\u00e9 de 1,75 tonne de denr\u00e9es alimentaires, \u00e0 In Guezzam\/6e RM. D\u2019autre part, un d\u00e9tachement de l\u2019ANP a arr\u00eat\u00e9, \u00e0 Djanet\/4e RM, dix orpailleurs et saisi 3 v\u00e9hicules tout-terrain, tandis que des garde-c\u00f4tes ont d\u00e9jou\u00e9 une tentative d\u2019\u00e9migration clandestine de 17 personnes \u00e0 Oran\/2e RM, alors que 48 immigrants clandestins ont \u00e9t\u00e9 arr\u00eat\u00e9s \u00e0 Tlemcen\/2e RM et B\u00e9ni-Ounif \/3e RM.<\/p>\n<p>Des d\u00e9tachements de l\u2019ANP ont arr\u00eat\u00e9 trois \u00e9l\u00e9ments de soutien aux groupes terroristes \u00e0 Blida\/1re R\u00e9gion militaire et Relizane\/2e RM. D\u2019autres d\u00e9tachements de l\u2019ANP ont intercept\u00e9, \u00e0 Tamanrasset, Bordj Badji Mokhtar\/6e RM et Djanet\/4e RM, 72 individus et saisi sept\u00a0 v\u00e9hicules tout-terrain, 80 groupes \u00e9lectrog\u00e8nes, 27 marteaux-piqueurs, un\u00a0 d\u00e9tecteur de m\u00e9taux et neuf\u00a0 sacs de m\u00e9lange d\u2019or brut et de pierres et divers objets. Par ailleurs, un d\u00e9tachement de l\u2019ANP a arr\u00eat\u00e9, en coordination avec les services de la S\u00fbret\u00e9 nationale \u00e0 Oran\/2e RM, trois\u00a0 narcotrafiquants en possession de 1.960 comprim\u00e9s psychotropes, alors que des \u00e9l\u00e9ments de la Gendarmerie nationale ont appr\u00e9hend\u00e9, \u00e0 Biskra\/4e RM, un\u00a0 individu \u00e0 bord d\u2019un camion charg\u00e9 de 40 quintaux de tabacs.<br \/>Dans la 2e RM, des Garde-c\u00f4tes ont mis en \u00e9chec des tentatives d\u2019\u00e9migration clandestine de 72 individus \u00e0 Oran, A\u00efn T\u00e9mouchent et Mostaganem\u00bb, tandis que 17 immigrants clandestins ont \u00e9t\u00e9 intercept\u00e9s \u00e0 In Guezzam et Gharda\u00efa.<\/p>\n<p>Auteur: elmoudjahid<br \/>\n<a href=\"http:\/\/www.elmoudjahid.com\/fr\/actualites\/146414\">Cliquez ici pour lire l&rsquo;article depuis sa source.<\/a><\/p>\n","protected":false},"excerpt":{"rendered":"<p>Un d\u00e9tachement combin\u00e9 de l\u2019ANP a arr\u00eat\u00e9, le 27 d\u00e9cembre, un \u00e9l\u00e9ment de soutien aux groupes terroristes \u00e0 Blida\/1re RM, tandis qu\u2019un autre d\u00e9tachement de l\u2019ANP, en coordination avec les services de la S\u00fbret\u00e9 nationale, a intercept\u00e9, \u00e0 Ouargla\/4e RM, cinq individus, et r\u00e9cup\u00e9r\u00e9 un pistolet mitrailleur, des munitions et saisi plus de 10 kg [&hellip;]<\/p>\n","protected":false},"author":1744,"featured_media":0,"comment_status":"closed","ping_status":"closed","sticky":false,"template":"","format":"standard","meta":{"fifu_image_url":"","fifu_image_alt":"","footnotes":""},"categories":[73,53],"tags":[],"class_list":["post-71530","post","type-post","status-publish","format-standard","hentry","category-actualite","category-algerie"],"_links":{"self":[{"href":"https:\/\/linitiative.ca\/International\/wp-json\/wp\/v2\/posts\/71530","targetHints":{"allow":["GET"]}}],"collection":[{"href":"https:\/\/linitiative.ca\/International\/wp-json\/wp\/v2\/posts"}],"about":[{"href":"https:\/\/linitiative.ca\/International\/wp-json\/wp\/v2\/types\/post"}],"author":[{"embeddable":true,"href":"https:\/\/linitiative.ca\/International\/wp-json\/wp\/v2\/users\/1744"}],"replies":[{"embeddable":true,"href":"https:\/\/linitiative.ca\/International\/wp-json\/wp\/v2\/comments?post=71530"}],"version-history":[{"count":0,"href":"https:\/\/linitiative.ca\/International\/wp-json\/wp\/v2\/posts\/71530\/revisions"}],"wp:attachment":[{"href":"https:\/\/linitiative.ca\/International\/wp-json\/wp\/v2\/media?parent=71530"}],"wp:term":[{"taxonomy":"category","embeddable":true,"href":"https:\/\/linitiative.ca\/International\/wp-json\/wp\/v2\/categories?post=71530"},{"taxonomy":"post_tag","embeddable":true,"href":"https:\/\/linitiative.ca\/International\/wp-json\/wp\/v2\/tags?post=71530"}],"curies":[{"name":"wp","href":"https:\/\/api.w.org\/{rel}","templated":true}]}}