{"id":71532,"date":"2019-12-28T15:19:16","date_gmt":"2019-12-28T20:19:16","guid":{"rendered":"https:\/\/linitiative.ca\/International\/communiques-officiels-de-la-presidence-laps-unique-canal\/"},"modified":"2019-12-28T15:19:16","modified_gmt":"2019-12-28T20:19:16","slug":"communiques-officiels-de-la-presidence-laps-unique-canal","status":"publish","type":"post","link":"https:\/\/linitiative.ca\/International\/communiques-officiels-de-la-presidence-laps-unique-canal\/","title":{"rendered":"Communiqu\u00e9s officiels de la pr\u00e9sidence : l&rsquo;APS, unique canal"},"content":{"rendered":"<p>La Direction de la presse et de la communication de la Pr\u00e9sidence de la R\u00e9publique a indiqu\u00e9 hier que \u00ab\u00a0l&rsquo;information officielle est rendue publique \u00e0 travers des communiqu\u00e9s de la Pr\u00e9sidence de la R\u00e9publique publi\u00e9s par l&rsquo;agence Alg\u00e9rie presse service (APS) et que toute information rapport\u00e9e en dehors de ce canal est \u00e0 classer dans la case de la propagande et la d\u00e9sinformation\u00a0\u00bb. Dans un communiqu\u00e9 parvenu \u00e0 l&rsquo;APS, \u00ab\u00a0la Direction de la presse et de la communication de la Pr\u00e9sidence de la R\u00e9publique informe l&rsquo;ensemble de la presse, supports et plateformes de communication que l&rsquo;information officielle est rendue publique \u00e0 travers des communiqu\u00e9s de la pr\u00e9sidence de la R\u00e9publique publi\u00e9s par l&rsquo;agence Alg\u00e9rie presse service (APS) et que toute information rapport\u00e9e en dehors de ce canal est \u00e0 classer dans la case de la propagande et la d\u00e9sinformation.\u00a0\u00bb<br \/>La Direction \u00ab\u00a0affirme que les informations diffus\u00e9es \u00e0 travers tout m\u00e9dia ou plateforme de communication au titre de scoop ou dans le but de faire accroire \u00e0 l&rsquo;opinion publique \u00e0 une proximit\u00e9 de la source d&rsquo;information sans respect des lois de la R\u00e9publique et des r\u00e8gles de la d\u00e9ontologie exposeront leurs auteurs aux peines pr\u00e9vues par les lois de la R\u00e9publique\u00a0\u00bb. Elle rappelle que \u00ab\u00a0le pr\u00e9sident de la R\u00e9publique, M. Abdelmajid Tebboune, avait annonc\u00e9 la tenue de rencontres p\u00e9riodiques avec la presse pour expliquer la situation g\u00e9n\u00e9rale, requ\u00e9rant la pond\u00e9ration et la s\u00e9r\u00e9nit\u00e9, pour r\u00e9pondre \u00e0 toutes les questions de la presse\u00a0\u00bb. La Direction de la presse et de la communication annonce, dans ce sens,\u00a0\u00bbl&rsquo;accr\u00e9ditation prochaine de journalistes de diff\u00e9rents m\u00e9dias pour la couverture des activit\u00e9s pr\u00e9sidentielles, sans distinction ou exclusion aucune\u00a0\u00bb.\u00a0\u00a0 \u00ab\u00a0La nouvelle R\u00e9publique ne saurait \u00eatre \u00e9difi\u00e9e sans la concr\u00e9tisation du principe de l&rsquo;\u00e9chelle des valeurs\u00a0\u00bb, conclut la m\u00eame source.<\/p>\n<p>Auteur: elmoudjahid<br \/>\n<a href=\"http:\/\/www.elmoudjahid.com\/fr\/actualites\/146416\">Cliquez ici pour lire l&rsquo;article depuis sa source.<\/a><\/p>\n","protected":false},"excerpt":{"rendered":"<p>La Direction de la presse et de la communication de la Pr\u00e9sidence de la R\u00e9publique a indiqu\u00e9 hier que \u00ab\u00a0l&rsquo;information officielle est rendue publique \u00e0 travers des communiqu\u00e9s de la Pr\u00e9sidence de la R\u00e9publique publi\u00e9s par l&rsquo;agence Alg\u00e9rie presse service (APS) et que toute information rapport\u00e9e en dehors de ce canal est \u00e0 classer dans [&hellip;]<\/p>\n","protected":false},"author":1744,"featured_media":0,"comment_status":"closed","ping_status":"closed","sticky":false,"template":"","format":"standard","meta":{"fifu_image_url":"","fifu_image_alt":"","footnotes":""},"categories":[73,53],"tags":[],"class_list":["post-71532","post","type-post","status-publish","format-standard","hentry","category-actualite","category-algerie"],"_links":{"self":[{"href":"https:\/\/linitiative.ca\/International\/wp-json\/wp\/v2\/posts\/71532","targetHints":{"allow":["GET"]}}],"collection":[{"href":"https:\/\/linitiative.ca\/International\/wp-json\/wp\/v2\/posts"}],"about":[{"href":"https:\/\/linitiative.ca\/International\/wp-json\/wp\/v2\/types\/post"}],"author":[{"embeddable":true,"href":"https:\/\/linitiative.ca\/International\/wp-json\/wp\/v2\/users\/1744"}],"replies":[{"embeddable":true,"href":"https:\/\/linitiative.ca\/International\/wp-json\/wp\/v2\/comments?post=71532"}],"version-history":[{"count":0,"href":"https:\/\/linitiative.ca\/International\/wp-json\/wp\/v2\/posts\/71532\/revisions"}],"wp:attachment":[{"href":"https:\/\/linitiative.ca\/International\/wp-json\/wp\/v2\/media?parent=71532"}],"wp:term":[{"taxonomy":"category","embeddable":true,"href":"https:\/\/linitiative.ca\/International\/wp-json\/wp\/v2\/categories?post=71532"},{"taxonomy":"post_tag","embeddable":true,"href":"https:\/\/linitiative.ca\/International\/wp-json\/wp\/v2\/tags?post=71532"}],"curies":[{"name":"wp","href":"https:\/\/api.w.org\/{rel}","templated":true}]}}