{"id":71533,"date":"2019-12-28T06:31:20","date_gmt":"2019-12-28T11:31:20","guid":{"rendered":"https:\/\/linitiative.ca\/International\/99483-football-ligue-1-algerienne-cr-belouizdad-said-allik-promu-au-poste-de-directeur-general\/"},"modified":"2019-12-28T06:31:20","modified_gmt":"2019-12-28T11:31:20","slug":"99483-football-ligue-1-algerienne-cr-belouizdad-said-allik-promu-au-poste-de-directeur-general","status":"publish","type":"post","link":"https:\/\/linitiative.ca\/International\/99483-football-ligue-1-algerienne-cr-belouizdad-said-allik-promu-au-poste-de-directeur-general\/","title":{"rendered":"Football \/ Ligue 1 alg\u00e9rienne &#8211; CR Belouizdad : Sa\u00efd Allik promu au poste de directeur g\u00e9n\u00e9ral"},"content":{"rendered":"<div readability=\"39\">\n<p><strong>ALGER- Le directeur sportif de la SSPA\/ Chabab Riadhi Belouizdad (Ligue 1 professionnelle de football), Sa\u00efd Allik, a \u00e9t\u00e9 finalement promu au poste de Directeur g\u00e9n\u00e9ral, apr\u00e8s avoir \u00e9t\u00e9 pri\u00e9 de quitter le club\u00a0apr\u00e8s les cong\u00e9s de fin d&rsquo;ann\u00e9e, a indiqu\u00e9 vendredi soir un communiqu\u00e9 du club alg\u00e9rois.<\/strong><\/p>\n<\/div>\n<div readability=\"73\">\n<p>\u00a0Alors que le club a laiss\u00e9 partir son entra\u00eeneur, Abdelkader Amrani qui a termin\u00e9 la phase aller en t\u00eate, la direction a annonc\u00e9 dans la journ\u00e9e de vendredi que trois dirigeants \u00e9taient pri\u00e9s de quitter le club apr\u00e8s les cong\u00e9s de fin d&rsquo;ann\u00e9e.<\/p>\n<p>Un second communiqu\u00e9 a pr\u00e9cis\u00e9 que le responsable du d\u00e9veloppement, Amine Sebie, le secr\u00e9taire g\u00e9n\u00e9ral, Mustapha Larouci ainsi que le directeur sportif, Sa\u00efd Allik, \u00e9taient invit\u00e9s \u00e0 prendre leur cong\u00e9 annuel avant d&rsquo;\u00eatre lib\u00e9r\u00e9s par le club.<\/p>\n<p>\u00ab\u00a0Les Directeurs Sa\u00efd Allik et Amine Sebia pourront solder leur cong\u00e9 annuel avant d&rsquo;\u00eatre officiellement lib\u00e9r\u00e9s de leurs fonctions au sein du club, alors que le Secr\u00e9taire g\u00e9n\u00e9ral Mustapha Laroussi pourra se\u00a0consid\u00e9rer libre juste apr\u00e8s le match de Coupe d&rsquo;Alg\u00e9rie\u00a0\u00bb, pr\u00e9vu ce samedi contre l&rsquo;IS Tighennif, a encore pr\u00e9cis\u00e9 la Direction belouizdadie dans un bref communiqu\u00e9.<\/p>\n<p>Mais un troisi\u00e8me communiqu\u00e9 publi\u00e9 vendredi soir a expliqu\u00e9 que finalement Sa\u00efd Allik sera promu au poste de directeur g\u00e9n\u00e9ral de la SSPA Chabab Belouizdad \u00e0 son retour de vacances.<\/p>\n<p>Par ailleurs, la direction a d\u00e9cid\u00e9 de \u00ab\u00a0renouveler\u00a0\u00bb sa confiance \u00ab\u00a0au staff technique actuel\u00a0\u00bb, qui avait pris les destin\u00e9es du club par int\u00e9rim, apr\u00e8s le d\u00e9part d&rsquo;Abdelkader Amrani.<\/p>\n<p>Ce staff se compose de l&rsquo;entra\u00eeneur adjoint Lotfi Amrouche et de l&rsquo;ancien capitaine belouizdadi Karim Bekhti, et dont la mission \u00e9tait initialement juste de pr\u00e9parer l&rsquo;\u00e9quipe pour le match de coupe contre l&rsquo;IS Tighennif (inter-r\u00e9gions) pr\u00e9vu ce samedi (14h00), dans le cadre des 32es de finale de l&rsquo;\u00e9preuve.<\/p>\n<p>Le CR Belouizdad occupe provisoirement la t\u00eate du championnat de Ligue 1 avec deux longueurs d&rsquo;avance sur le MC Alger qui compte un match en moins contre l&rsquo;ES S\u00e9tif pr\u00e9vu le 9 janvier prochain au stade Omar Hamadi (Bologhine).<\/p>\n<\/div>\n<p>Auteur:<br \/>\n<a href=\"http:\/\/www.aps.dz\/sport\/99483-football-ligue-1-algerienne-cr-belouizdad-said-allik-promu-au-poste-de-directeur-general?utm_source=feedburner&#038;utm_medium=feed&#038;utm_campaign=Feed%3A+aps-sport+%28APS+-+SPORT%29\">Cliquez ici pour lire l&rsquo;article depuis sa source.<\/a><\/p>\n","protected":false},"excerpt":{"rendered":"<p>ALGER- Le directeur sportif de la SSPA\/ Chabab Riadhi Belouizdad (Ligue 1 professionnelle de football), Sa\u00efd Allik, a \u00e9t\u00e9 finalement promu au poste de Directeur g\u00e9n\u00e9ral, apr\u00e8s avoir \u00e9t\u00e9 pri\u00e9 de quitter le club\u00a0apr\u00e8s les cong\u00e9s de fin d&rsquo;ann\u00e9e, a indiqu\u00e9 vendredi soir un communiqu\u00e9 du club alg\u00e9rois. \u00a0Alors que le club a laiss\u00e9 partir [&hellip;]<\/p>\n","protected":false},"author":1790,"featured_media":0,"comment_status":"closed","ping_status":"closed","sticky":false,"template":"","format":"standard","meta":{"fifu_image_url":"","fifu_image_alt":"","footnotes":""},"categories":[53,75],"tags":[],"class_list":["post-71533","post","type-post","status-publish","format-standard","hentry","category-algerie","category-sport"],"_links":{"self":[{"href":"https:\/\/linitiative.ca\/International\/wp-json\/wp\/v2\/posts\/71533","targetHints":{"allow":["GET"]}}],"collection":[{"href":"https:\/\/linitiative.ca\/International\/wp-json\/wp\/v2\/posts"}],"about":[{"href":"https:\/\/linitiative.ca\/International\/wp-json\/wp\/v2\/types\/post"}],"author":[{"embeddable":true,"href":"https:\/\/linitiative.ca\/International\/wp-json\/wp\/v2\/users\/1790"}],"replies":[{"embeddable":true,"href":"https:\/\/linitiative.ca\/International\/wp-json\/wp\/v2\/comments?post=71533"}],"version-history":[{"count":0,"href":"https:\/\/linitiative.ca\/International\/wp-json\/wp\/v2\/posts\/71533\/revisions"}],"wp:attachment":[{"href":"https:\/\/linitiative.ca\/International\/wp-json\/wp\/v2\/media?parent=71533"}],"wp:term":[{"taxonomy":"category","embeddable":true,"href":"https:\/\/linitiative.ca\/International\/wp-json\/wp\/v2\/categories?post=71533"},{"taxonomy":"post_tag","embeddable":true,"href":"https:\/\/linitiative.ca\/International\/wp-json\/wp\/v2\/tags?post=71533"}],"curies":[{"name":"wp","href":"https:\/\/api.w.org\/{rel}","templated":true}]}}