{"id":71534,"date":"2019-12-28T09:25:35","date_gmt":"2019-12-28T14:25:35","guid":{"rendered":"https:\/\/linitiative.ca\/International\/99492-caf-3e-j-gr-d-pac-enyimba-faux-pas-interdit-pour-les-academiciens\/"},"modified":"2019-12-28T09:25:35","modified_gmt":"2019-12-28T14:25:35","slug":"99492-caf-3e-j-gr-d-pac-enyimba-faux-pas-interdit-pour-les-academiciens","status":"publish","type":"post","link":"https:\/\/linitiative.ca\/International\/99492-caf-3e-j-gr-d-pac-enyimba-faux-pas-interdit-pour-les-academiciens\/","title":{"rendered":"Coupe de la Conf\u00e9d\u00e9ration (PAC &#8211; Enyimba): faux pas interdit pour les \u00ab\u00a0Acad\u00e9miciens\u00a0\u00bb"},"content":{"rendered":"<div readability=\"39\">\n<p>ALGER- Dos au mur, le Paradou AC, seul repr\u00e9sentant alg\u00e9rien en phase de poules de la Coupe de la Conf\u00e9d\u00e9ration africaine de football, sera devant la n\u00e9cessit\u00e9 de l&#8217;emporter dimanche face aux Nig\u00e9rians d&rsquo;Enyimba au stade Mustapha-Tchaker de Blida (20h00), dans le cadre de la 3e journ\u00e9e (Gr. D) pour rester en vie.<\/p>\n<\/div>\n<div readability=\"74\">\n<p>Battu \u00e0 la surprise g\u00e9n\u00e9rale lors de la pr\u00e9c\u00e9dente journ\u00e9e \u00e0 Blida par les Marocains de Hassania Agadir (0-2), le club alg\u00e9rois, avec un seul point au compteur, n&rsquo;aura plus droit \u00e0 l&rsquo;erreur : seule une victoire lui permettra de se relancer dans la course \u00e0 la qualification.<\/p>\n<p>L&rsquo;adversaire du jour reste un habitu\u00e9 des comp\u00e9titions africaines, lui qui a \u00e9t\u00e9 revers\u00e9 en Coupe de la Conf\u00e9d\u00e9ration suite \u00e0 son \u00e9limination en 16es de finale de la Ligue des champions par les Soudanais d&rsquo;Al-Hilal.<\/p>\n<blockquote readability=\"14\">\n<p><em><strong>\u00ab\u00a0Nous allons affronter une excellente \u00e9quipe d&rsquo;Enyimba, forte de sa riche exp\u00e9rience dans ce genre de matchs, avec ses joueurs de talent et fins techniciens. De notre part, nous allons aborder ce rendez-vous avec l&rsquo;intention de gagner, d&rsquo;autant plus que nous n&rsquo;avons pas d&rsquo;autre alternative\u00a0\u00bb, a affirm\u00e9 le coach portugais des \u00ab\u00a0Jaune et Bleu\u00a0\u00bb, Francisco Alexandre Chalo.<\/strong><\/em><\/p>\n<\/blockquote>\n<p>Le PAC, qualifi\u00e9 jeudi en 16es de finale de la Coupe d&rsquo;Alg\u00e9rie aux d\u00e9pens du FC Bir El-Arch (inter-r\u00e9gions) sur le score sans appel de 5 \u00e0 0, aura fort \u00e0 faire face \u00e0 une \u00e9quipe nig\u00e9riane qui va chercher \u00e0 bisser son succ\u00e8s d&rsquo;il y a trois semaines devant son public face aux Ivoiriens de San Pedro (1-0).<\/p>\n<blockquote readability=\"12\">\n<p><em><strong>Sur le plan de l&rsquo;effectif, l&rsquo;entra\u00eeneur des \u00ab\u00a0Acad\u00e9miciens\u00a0\u00bb devra se passer encore une fois de son attaquant Ryad Benayad, convalescent. En revanche, il pourra compter sur la forme optimale affich\u00e9e par Yousri Bouzok qui s&rsquo;est impos\u00e9 en v\u00e9ritable baroudeur de l&rsquo;\u00e9quipe avec 5 buts, toutes comp\u00e9titions confondues.<\/strong><\/em><\/p>\n<\/blockquote>\n<p>Dans l&rsquo;autre match de ce groupe D, le leader Hassania Agadir (6 pts), dirig\u00e9 par le nouvel entra\u00eeneur M&rsquo;hamed Fakhir, aura \u00e0 c\u0153ur de faire la passe de trois et conforter par l&rsquo;occasion sa position en t\u00eate, en d\u00e9fiant \u00e0 Abidjan les Ivoiriens de San Pedro (4e, 1 point), somm\u00e9s de r\u00e9agir.<\/p>\n<p>Rappelons que le CR Belouizdad, l&rsquo;autre repr\u00e9sentant alg\u00e9rien dans cette \u00e9preuve, avait \u00e9t\u00e9 \u00e9limin\u00e9 en 16es de finale par les Egyptiens de Pyramids FC.<\/p>\n<\/div>\n<p>Auteur:<br \/>\n<a href=\"http:\/\/www.aps.dz\/sport\/99492-caf-3e-j-gr-d-pac-enyimba-faux-pas-interdit-pour-les-academiciens?utm_source=feedburner&#038;utm_medium=feed&#038;utm_campaign=Feed%3A+aps-sport+%28APS+-+SPORT%29\">Cliquez ici pour lire l&rsquo;article depuis sa source.<\/a><\/p>\n","protected":false},"excerpt":{"rendered":"<p>ALGER- Dos au mur, le Paradou AC, seul repr\u00e9sentant alg\u00e9rien en phase de poules de la Coupe de la Conf\u00e9d\u00e9ration africaine de football, sera devant la n\u00e9cessit\u00e9 de l&#8217;emporter dimanche face aux Nig\u00e9rians d&rsquo;Enyimba au stade Mustapha-Tchaker de Blida (20h00), dans le cadre de la 3e journ\u00e9e (Gr. D) pour rester en vie. Battu \u00e0 [&hellip;]<\/p>\n","protected":false},"author":1790,"featured_media":0,"comment_status":"closed","ping_status":"closed","sticky":false,"template":"","format":"standard","meta":{"fifu_image_url":"","fifu_image_alt":"","footnotes":""},"categories":[53,75],"tags":[],"class_list":["post-71534","post","type-post","status-publish","format-standard","hentry","category-algerie","category-sport"],"_links":{"self":[{"href":"https:\/\/linitiative.ca\/International\/wp-json\/wp\/v2\/posts\/71534","targetHints":{"allow":["GET"]}}],"collection":[{"href":"https:\/\/linitiative.ca\/International\/wp-json\/wp\/v2\/posts"}],"about":[{"href":"https:\/\/linitiative.ca\/International\/wp-json\/wp\/v2\/types\/post"}],"author":[{"embeddable":true,"href":"https:\/\/linitiative.ca\/International\/wp-json\/wp\/v2\/users\/1790"}],"replies":[{"embeddable":true,"href":"https:\/\/linitiative.ca\/International\/wp-json\/wp\/v2\/comments?post=71534"}],"version-history":[{"count":0,"href":"https:\/\/linitiative.ca\/International\/wp-json\/wp\/v2\/posts\/71534\/revisions"}],"wp:attachment":[{"href":"https:\/\/linitiative.ca\/International\/wp-json\/wp\/v2\/media?parent=71534"}],"wp:term":[{"taxonomy":"category","embeddable":true,"href":"https:\/\/linitiative.ca\/International\/wp-json\/wp\/v2\/categories?post=71534"},{"taxonomy":"post_tag","embeddable":true,"href":"https:\/\/linitiative.ca\/International\/wp-json\/wp\/v2\/tags?post=71534"}],"curies":[{"name":"wp","href":"https:\/\/api.w.org\/{rel}","templated":true}]}}