{"id":71538,"date":"2019-12-28T10:13:00","date_gmt":"2019-12-28T15:13:00","guid":{"rendered":"https:\/\/linitiative.ca\/International\/benflis-demissionne-du-parti-talaie-el-houriyet\/"},"modified":"2019-12-28T10:13:00","modified_gmt":"2019-12-28T15:13:00","slug":"benflis-demissionne-du-parti-talaie-el-houriyet","status":"publish","type":"post","link":"https:\/\/linitiative.ca\/International\/benflis-demissionne-du-parti-talaie-el-houriyet\/","title":{"rendered":"Benflis d\u00e9missionne  du parti Tala\u00efe  El-Houriyet"},"content":{"rendered":"<p><br id=\"sep_para_1\" class=\"sep_para access\"\/><\/p>\n<div id=\"para_1\" class=\"para_34687817 resize\">\n<div class=\"texte access firstletter\">L\u2019ancien premier ministre candidat malheureux, pour la troisi\u00e8me fois, \u00e0 l\u2019\u00e9lection pr\u00e9sidentielle, Ali Benflis a annonc\u00e9 samedi, sa d\u00e9mission du parti Tala\u00efe El Houriyet qu\u2019il a lui m\u00eame fond\u00e9. Ali Benflis a fait l\u2019annonce de sa d\u00e9mission lors de la r\u00e9union du comit\u00e9 central du parti Tala\u00efe El Houriyet. \u00ab Depuis plus de quatre ans et demi vous m\u2019avez donn\u00e9 cette occasion et vous m\u2019avez charg\u00e9 de cette mission qui s\u2019est concr\u00e9tis\u00e9e par la fondation du parti Tala\u00efe El Houriyet qui a couronn\u00e9 un parcours politique de quinze ann\u00e9es \u00bb a-t-il, ainsi, d\u00e9clar\u00e9 dans une allocution qu\u2019il a prononc\u00e9 devant les cadres de son parti. Par ailleurs, Ali Benflis a d\u00e9voil\u00e9 l\u2019identit\u00e9 de celui qui lui succ\u00e9dera \u00e0 titre provisoire \u00e0 la t\u00eate du parti. C\u2019est Abdelkader S\u00e2adi qui se chargera de g\u00e9rer les affaires courantes du parti jusqu\u2019\u00e0 la tenue du congr\u00e8s. Une commission a, en outre, \u00e9t\u00e9 charg\u00e9e de pr\u00e9parer ce congr\u00e8s qui sera sanctionn\u00e9 par l\u2019\u00e9lection d\u2019un nouveau pr\u00e9sident pour le parti.<\/div>\n<\/div>\n<p>Auteur: R\u00e9flexion<br \/>\n<a href=\"https:\/\/www.reflexiondz.net\/Benflis-demissionne-du-parti-Talaie-El-Houriyet_a59679.html\">Cliquez ici pour lire l&rsquo;article depuis sa source.<\/a><\/p>\n","protected":false},"excerpt":{"rendered":"<p>L\u2019ancien premier ministre candidat malheureux, pour la troisi\u00e8me fois, \u00e0 l\u2019\u00e9lection pr\u00e9sidentielle, Ali Benflis a annonc\u00e9 samedi, sa d\u00e9mission du parti Tala\u00efe El Houriyet qu\u2019il a lui m\u00eame fond\u00e9. Ali Benflis a fait l\u2019annonce de sa d\u00e9mission lors de la r\u00e9union du comit\u00e9 central du parti Tala\u00efe El Houriyet. \u00ab Depuis plus de quatre ans [&hellip;]<\/p>\n","protected":false},"author":1740,"featured_media":0,"comment_status":"closed","ping_status":"closed","sticky":false,"template":"","format":"standard","meta":{"fifu_image_url":"","fifu_image_alt":"","footnotes":""},"categories":[53,76],"tags":[],"class_list":["post-71538","post","type-post","status-publish","format-standard","hentry","category-algerie","category-regions"],"_links":{"self":[{"href":"https:\/\/linitiative.ca\/International\/wp-json\/wp\/v2\/posts\/71538","targetHints":{"allow":["GET"]}}],"collection":[{"href":"https:\/\/linitiative.ca\/International\/wp-json\/wp\/v2\/posts"}],"about":[{"href":"https:\/\/linitiative.ca\/International\/wp-json\/wp\/v2\/types\/post"}],"author":[{"embeddable":true,"href":"https:\/\/linitiative.ca\/International\/wp-json\/wp\/v2\/users\/1740"}],"replies":[{"embeddable":true,"href":"https:\/\/linitiative.ca\/International\/wp-json\/wp\/v2\/comments?post=71538"}],"version-history":[{"count":0,"href":"https:\/\/linitiative.ca\/International\/wp-json\/wp\/v2\/posts\/71538\/revisions"}],"wp:attachment":[{"href":"https:\/\/linitiative.ca\/International\/wp-json\/wp\/v2\/media?parent=71538"}],"wp:term":[{"taxonomy":"category","embeddable":true,"href":"https:\/\/linitiative.ca\/International\/wp-json\/wp\/v2\/categories?post=71538"},{"taxonomy":"post_tag","embeddable":true,"href":"https:\/\/linitiative.ca\/International\/wp-json\/wp\/v2\/tags?post=71538"}],"curies":[{"name":"wp","href":"https:\/\/api.w.org\/{rel}","templated":true}]}}