{"id":71540,"date":"2019-12-28T10:13:00","date_gmt":"2019-12-28T15:13:00","guid":{"rendered":"https:\/\/linitiative.ca\/International\/le-crb-renonce-au-limogeage-de-said-allik\/"},"modified":"2019-12-28T10:13:00","modified_gmt":"2019-12-28T15:13:00","slug":"le-crb-renonce-au-limogeage-de-said-allik","status":"publish","type":"post","link":"https:\/\/linitiative.ca\/International\/le-crb-renonce-au-limogeage-de-said-allik\/","title":{"rendered":"Le CRB renonce au  limogeage de Said Allik !"},"content":{"rendered":"<p><br id=\"sep_para_1\" class=\"sep_para access\"\/><\/p>\n<div id=\"para_1\" class=\"para_34687819 resize\">\n<div class=\"texte access firstletter\">Des d\u00e9cisions contradictoires qui ont marqu\u00e9 une fin de semaine tr\u00e8s mouvement\u00e9e v\u00e9cue par le club alg\u00e9rois du CRB, apr\u00e8s le d\u00e9part confirm\u00e9 de l\u2019entra\u00eeneur en chef Abdelkader Amrani. En effet,\u00a0 alors qu\u2019elle avait annonc\u00e9 le limogeage de Said Allik, dans un communiqu\u00e9, la direction du groupe Madar, propri\u00e9taire du CR Belouizdad, a fait machine arri\u00e8re quelques heures plus tard. En effet, dans un autre communiqu\u00e9, paru sur la page officielle du CR Belouizdad, la direction de Madar annonce la nomination de Sa\u00efd Allik comme directeur g\u00e9n\u00e9ral de la soci\u00e9t\u00e9 sportive par actions, CR Belouizdad. \u00ab Le PDG du groupe Madar, pr\u00e9sident du Chabab Riyadi de Belouizdad, a d\u00e9cid\u00e9 de d\u00e9signer Sa\u00efd Allik comme directeur g\u00e9n\u00e9ral de la soci\u00e9t\u00e9 sportive par actions \u00e0 son retour de son cong\u00e9 annuel, lui qui occupait le poste de directeur de directeur g\u00e9n\u00e9ral du p\u00f4le comp\u00e9titif \u00bb annonce le communiqu\u00e9 sur la page officielle du club alg\u00e9rois. Annonc\u00e9 partant apr\u00e8s son cong\u00e9 annuel ainsi que plusieurs membres de l\u2019organigramme du club, Sa\u00efd Allik a, finalement, eu droit \u00e0 une promotion.<\/div>\n<\/div>\n<p>Auteur: R\u00e9flexion<br \/>\n<a href=\"https:\/\/www.reflexiondz.net\/Le-CRB-renonce-au-limogeage-de-Said-Allik-_a59680.html\">Cliquez ici pour lire l&rsquo;article depuis sa source.<\/a><\/p>\n","protected":false},"excerpt":{"rendered":"<p>Des d\u00e9cisions contradictoires qui ont marqu\u00e9 une fin de semaine tr\u00e8s mouvement\u00e9e v\u00e9cue par le club alg\u00e9rois du CRB, apr\u00e8s le d\u00e9part confirm\u00e9 de l\u2019entra\u00eeneur en chef Abdelkader Amrani. En effet,\u00a0 alors qu\u2019elle avait annonc\u00e9 le limogeage de Said Allik, dans un communiqu\u00e9, la direction du groupe Madar, propri\u00e9taire du CR Belouizdad, a fait machine [&hellip;]<\/p>\n","protected":false},"author":1740,"featured_media":0,"comment_status":"closed","ping_status":"closed","sticky":false,"template":"","format":"standard","meta":{"fifu_image_url":"","fifu_image_alt":"","footnotes":""},"categories":[53,76],"tags":[],"class_list":["post-71540","post","type-post","status-publish","format-standard","hentry","category-algerie","category-regions"],"_links":{"self":[{"href":"https:\/\/linitiative.ca\/International\/wp-json\/wp\/v2\/posts\/71540","targetHints":{"allow":["GET"]}}],"collection":[{"href":"https:\/\/linitiative.ca\/International\/wp-json\/wp\/v2\/posts"}],"about":[{"href":"https:\/\/linitiative.ca\/International\/wp-json\/wp\/v2\/types\/post"}],"author":[{"embeddable":true,"href":"https:\/\/linitiative.ca\/International\/wp-json\/wp\/v2\/users\/1740"}],"replies":[{"embeddable":true,"href":"https:\/\/linitiative.ca\/International\/wp-json\/wp\/v2\/comments?post=71540"}],"version-history":[{"count":0,"href":"https:\/\/linitiative.ca\/International\/wp-json\/wp\/v2\/posts\/71540\/revisions"}],"wp:attachment":[{"href":"https:\/\/linitiative.ca\/International\/wp-json\/wp\/v2\/media?parent=71540"}],"wp:term":[{"taxonomy":"category","embeddable":true,"href":"https:\/\/linitiative.ca\/International\/wp-json\/wp\/v2\/categories?post=71540"},{"taxonomy":"post_tag","embeddable":true,"href":"https:\/\/linitiative.ca\/International\/wp-json\/wp\/v2\/tags?post=71540"}],"curies":[{"name":"wp","href":"https:\/\/api.w.org\/{rel}","templated":true}]}}