{"id":71551,"date":"2019-12-28T05:00:00","date_gmt":"2019-12-28T10:00:00","guid":{"rendered":"https:\/\/linitiative.ca\/International\/difference-entre-chute-de-cheveux-passagere-et-celle-chronique\/"},"modified":"2019-12-28T05:00:00","modified_gmt":"2019-12-28T10:00:00","slug":"difference-entre-chute-de-cheveux-passagere-et-celle-chronique","status":"publish","type":"post","link":"https:\/\/linitiative.ca\/International\/difference-entre-chute-de-cheveux-passagere-et-celle-chronique\/","title":{"rendered":"Diff\u00e9rence entre chute de cheveux passag\u00e8re et celle chronique"},"content":{"rendered":"<p>En mati\u00e8re de chute de cheveux on parle d\u2019effluvium t\u00e9log\u00e8ne aigu\u00eb (chute passag\u00e8re), d\u2019effluvium t\u00e9log\u00e8ne chronique (lorsque la chute passag\u00e8re s\u2019installe dans le temps), et d\u2019alop\u00e9cie androg\u00e9n\u00e9tique (perte progressive de cheveux sous l&rsquo;influence des hormones m\u00e2les).<\/p>\n<p><strong>Dans le premier cas, la chute peut \u00eatre saisonni\u00e8re.<\/strong><br \/>On constate des chutes de cheveux en mars\/avril et \u00e0 l\u2019automne en septembre \/ octobre\/novembre. Un changement brutal de temp\u00e9ratures, un ensoleillement, les agressions que subissent les cheveux pendant les vacances\u2026 Autant d\u2019\u00e9l\u00e9ments qui peuvent acc\u00e9l\u00e9rer la chute de cheveux \u00e0 certaines p\u00e9riodes de l\u2019ann\u00e9e. Toutefois, la chute saisonni\u00e8re ne dure rarement pas plus de trois mois.<br \/>La chute de cheveux passag\u00e8re peut \u00e9galement \u00eatre de nature r\u00e9actionnelle : en post-grossesse, en cas de stress important, de fatigue, de grippe, de prise de certains m\u00e9dicaments, de r\u00e9gime et de perte de poids, de m\u00e9nopause, de d\u00e9s\u00e9quilibre hormonal ou de d\u00e9pression on peut constater une chute de cheveux passag\u00e8re.<br \/>Si au-del\u00e0 de 6 mois vous continuez de retrouver plus de cheveux qu\u2019habituellement au r\u00e9veil sur l\u2019oreiller ou si vous continuez \u00e0 en perdre plus que de raison lors du brossage, vous souffrez peut-\u00eatre d\u2019effluvium t\u00e9log\u00e8ne chronique.\u00a0<br \/>Il est conseill\u00e9 de consulter au plus t\u00f4t pour d\u00e9terminer si la chute n\u2019est pas une cons\u00e9quence d\u2019un probl\u00e8me de thyro\u00efde ou de carence. L\u2019effluvium t\u00e9log\u00e8ne chronique, s\u2019il appara\u00eet vers 40 ans, peut aussi \u00eatre le premier signe d\u2019une alop\u00e9cie plus s\u00e9v\u00e8re, d\u2019o\u00f9 l\u2019int\u00e9r\u00eat de consulter un professionnel pour faire le point. L\u2019effluvium t\u00e9log\u00e8ne chronique touche d\u2019avantage les femmes que les hommes. Lorsque la chute s\u2019accompagne d\u2019une baisse de la densit\u00e9 capillaire et qu\u2019elle est plus localis\u00e9e sur le dessus du cr\u00e2ne et au niveau de la raie, il peut s\u2019agir d\u2019une alop\u00e9cie androg\u00e9n\u00e9tique d\u00e9butante.<\/p>\n<p><strong>Les rem\u00e8des \u00e0 la chute de cheveux passag\u00e8re<\/strong><br \/>La chute r\u00e9actionnelle et saisonni\u00e8re est souvent r\u00e9versible. Elle peut \u00eatre enray\u00e9e avec un traitement achet\u00e9 sur les conseils de son pharmacien en pharmacie, un traitement qui agira pour stopper la chute et relancer la pousse du cheveu. La solution est g\u00e9n\u00e9ralement\u00a0 d\u2019ordre cosm\u00e9tique, id\u00e9alement associ\u00e9e \u00e0 des compl\u00e9ments alimentaires enrichis en fer, vitamine B, zinc et acides amin\u00e9s soufr\u00e9s qui vont favoriser la repousse.<br \/>Les soins cosm\u00e9tiques les plus classiques sont des solutions (lotions, shampoings) \u00e0 appliquer localement \u00e0 la racine des cheveux.<br \/>Les cosm\u00e9tiques antichute de cheveux ont deux actions : ils ont un effet vasculaire qui va augmenter l\u2019oxyg\u00e9nation du bulbe pilaire et la vascularisation avec pour cons\u00e9quence la stimulation de la croissance dans le bulbe et limiter la chute. Ils envoient \u00e9galement un signal de relance du cheveu.\u00a0\u00a0<br \/>En combinant soins antichute et compl\u00e9ments alimentaires, la chute est g\u00e9n\u00e9ralement stopp\u00e9e au bout d\u2019un \u00e0 deux mois.<br \/>En parall\u00e8le, il est bon d\u2019\u00e9viter tout ce qui peut se r\u00e9v\u00e9ler \u00eatre agressif et fragiliserait la repousse du cheveu comme le tabac, les colorations capillaires, les expositions au soleil.<\/p>\n<p>Auteur:<br \/>\n<a href=\"https:\/\/www.lesoirdalgerie.com\/femme-magazine\/difference-entre-chute-de-cheveux-passagere-et-celle-chronique-35989\">Cliquez ici pour lire l&rsquo;article depuis sa source.<\/a><\/p>\n","protected":false},"excerpt":{"rendered":"<p>En mati\u00e8re de chute de cheveux on parle d\u2019effluvium t\u00e9log\u00e8ne aigu\u00eb (chute passag\u00e8re), d\u2019effluvium t\u00e9log\u00e8ne chronique (lorsque la chute passag\u00e8re s\u2019installe dans le temps), et d\u2019alop\u00e9cie androg\u00e9n\u00e9tique (perte progressive de cheveux sous l&rsquo;influence des hormones m\u00e2les). Dans le premier cas, la chute peut \u00eatre saisonni\u00e8re.On constate des chutes de cheveux en mars\/avril et \u00e0 l\u2019automne [&hellip;]<\/p>\n","protected":false},"author":1741,"featured_media":0,"comment_status":"closed","ping_status":"closed","sticky":false,"template":"","format":"standard","meta":{"fifu_image_url":"","fifu_image_alt":"","footnotes":""},"categories":[73,53],"tags":[],"class_list":["post-71551","post","type-post","status-publish","format-standard","hentry","category-actualite","category-algerie"],"_links":{"self":[{"href":"https:\/\/linitiative.ca\/International\/wp-json\/wp\/v2\/posts\/71551","targetHints":{"allow":["GET"]}}],"collection":[{"href":"https:\/\/linitiative.ca\/International\/wp-json\/wp\/v2\/posts"}],"about":[{"href":"https:\/\/linitiative.ca\/International\/wp-json\/wp\/v2\/types\/post"}],"author":[{"embeddable":true,"href":"https:\/\/linitiative.ca\/International\/wp-json\/wp\/v2\/users\/1741"}],"replies":[{"embeddable":true,"href":"https:\/\/linitiative.ca\/International\/wp-json\/wp\/v2\/comments?post=71551"}],"version-history":[{"count":0,"href":"https:\/\/linitiative.ca\/International\/wp-json\/wp\/v2\/posts\/71551\/revisions"}],"wp:attachment":[{"href":"https:\/\/linitiative.ca\/International\/wp-json\/wp\/v2\/media?parent=71551"}],"wp:term":[{"taxonomy":"category","embeddable":true,"href":"https:\/\/linitiative.ca\/International\/wp-json\/wp\/v2\/categories?post=71551"},{"taxonomy":"post_tag","embeddable":true,"href":"https:\/\/linitiative.ca\/International\/wp-json\/wp\/v2\/tags?post=71551"}],"curies":[{"name":"wp","href":"https:\/\/api.w.org\/{rel}","templated":true}]}}