{"id":71552,"date":"2019-12-28T02:49:26","date_gmt":"2019-12-28T07:49:26","guid":{"rendered":"https:\/\/linitiative.ca\/International\/le-doyen-des-journalistes-marocains-mustapha-alaoui-nest-plus\/"},"modified":"2019-12-28T02:49:26","modified_gmt":"2019-12-28T07:49:26","slug":"le-doyen-des-journalistes-marocains-mustapha-alaoui-nest-plus","status":"publish","type":"post","link":"https:\/\/linitiative.ca\/International\/le-doyen-des-journalistes-marocains-mustapha-alaoui-nest-plus\/","title":{"rendered":"Le doyen des journalistes marocains Mustapha Alaoui n\u2019est plus !"},"content":{"rendered":"<p><strong>Une grosse perte pour la presse nationale en cette fin d\u2019ann\u00e9e 2019. L\u2019historien et directeur de l\u2019hebdomadaire \u00ab\u00a0Al Ousboue Assahafi\u00a0\u00bb est d\u00e9c\u00e9d\u00e9 samedi matin \u00e0 Rabat, \u00e0 l\u2019\u00e2ge de 83 ans des suites d\u2019une longue maladie, a-t-on appris aupr\u00e8s de sa famille.<\/strong><\/p>\n<div class=\"c10\"\/>\n<p>Natif de la ville de F\u00e8s, le d\u00e9funt a travaill\u00e9 pendant de longues ann\u00e9es dans le domaine du journalisme, o\u00f9 il a c\u00f4toy\u00e9 plusieurs g\u00e9n\u00e9rations. Le d\u00e9funt a obtenu son baccalaur\u00e9at \u00e0 Rabat avant de poursuivre ses \u00e9tudes \u00e0 l\u2019\u00c9cole nationale de l\u2019administration.<\/p>\n<p>Le regrett\u00e9 \u00e9tait fonctionnaire du minist\u00e8re de l\u2019\u00c9ducation nationale avant d\u2019\u00e9pouser le m\u00e9tier de journaliste pendant de longues ann\u00e9es et de gravir les \u00e9chelons, pour occuper notamment les postes de r\u00e9dacteur en chef et de directeur de l\u2019hebdomadaire \u00ab\u00a0Al Ousboue Assahafi\u00a0\u00bb.<\/p>\n<p>Il \u00e9tait connu par sa rubrique intitul\u00e9e \u00ab\u00a0Alhaqiqa Addai\u00e2a\u00a0\u00bb (la v\u00e9rit\u00e9 perdue, ndlr), publi\u00e9e chaque semaine sur les colonnes de \u00ab\u00a0Al Ousboue Assahafi\u00a0\u00bb.<\/p>\n<p>Grand t\u00e9moin de son \u00e9poque, Mustapha Alaoui a publi\u00e9 plusieurs livres dont le \u00ab<a href=\"https:\/\/www.libe.ma\/Parution-de-Le-journaliste-et-les-trois-rois-de-Mustapha-Alaoui-Ressorts-et-dessous-d-une-societe-marocaine-en_a32792.html\">Le journaliste et les trois rois<\/a>\u00bb dans lequel il d\u00e9crit les rapports de la presse avec la politique dans l\u2019histoire contemporaine du Maroc.<\/p>\n<p>La d\u00e9pouille du d\u00e9funt sera inhum\u00e9e ce samedi apr\u00e8s la pri\u00e8re d\u2019Al Asr, au cimeti\u00e8re Sidi Messaoud au quartier Ryad \u00e0 Rabat.<\/p>\n<p>Nous sommes \u00e0 Dieu et \u00e0 Lui nous retournons.<\/p>\n<div class=\"c17\">\n<fieldset class=\"c16\">\n<legend><strong><span class=\"c11\">Challenge<\/span><span class=\"c12\">news<\/span><\/strong><\/legend>\n<div class=\"c15\">Le meilleur de Challenge s\u00e9lectionn\u00e9 par la r\u00e9daction :<\/p>\n<\/div>\n<\/fieldset>\n<\/div>\n<p>Auteur: Hassan Manyani<br \/>\n<a href=\"https:\/\/www.challenge.ma\/le-doyen-des-journalistes-marocains-mustapha-alaoui-nest-plus-126846\/\">Cliquez ici pour lire l&rsquo;article depuis sa source.<\/a><\/p>\n","protected":false},"excerpt":{"rendered":"<p>Une grosse perte pour la presse nationale en cette fin d\u2019ann\u00e9e 2019. L\u2019historien et directeur de l\u2019hebdomadaire \u00ab\u00a0Al Ousboue Assahafi\u00a0\u00bb est d\u00e9c\u00e9d\u00e9 samedi matin \u00e0 Rabat, \u00e0 l\u2019\u00e2ge de 83 ans des suites d\u2019une longue maladie, a-t-on appris aupr\u00e8s de sa famille. Natif de la ville de F\u00e8s, le d\u00e9funt a travaill\u00e9 pendant de longues [&hellip;]<\/p>\n","protected":false},"author":1787,"featured_media":0,"comment_status":"closed","ping_status":"closed","sticky":false,"template":"","format":"standard","meta":{"fifu_image_url":"","fifu_image_alt":"","footnotes":""},"categories":[78,54],"tags":[],"class_list":["post-71552","post","type-post","status-publish","format-standard","hentry","category-economie","category-maroc"],"_links":{"self":[{"href":"https:\/\/linitiative.ca\/International\/wp-json\/wp\/v2\/posts\/71552","targetHints":{"allow":["GET"]}}],"collection":[{"href":"https:\/\/linitiative.ca\/International\/wp-json\/wp\/v2\/posts"}],"about":[{"href":"https:\/\/linitiative.ca\/International\/wp-json\/wp\/v2\/types\/post"}],"author":[{"embeddable":true,"href":"https:\/\/linitiative.ca\/International\/wp-json\/wp\/v2\/users\/1787"}],"replies":[{"embeddable":true,"href":"https:\/\/linitiative.ca\/International\/wp-json\/wp\/v2\/comments?post=71552"}],"version-history":[{"count":0,"href":"https:\/\/linitiative.ca\/International\/wp-json\/wp\/v2\/posts\/71552\/revisions"}],"wp:attachment":[{"href":"https:\/\/linitiative.ca\/International\/wp-json\/wp\/v2\/media?parent=71552"}],"wp:term":[{"taxonomy":"category","embeddable":true,"href":"https:\/\/linitiative.ca\/International\/wp-json\/wp\/v2\/categories?post=71552"},{"taxonomy":"post_tag","embeddable":true,"href":"https:\/\/linitiative.ca\/International\/wp-json\/wp\/v2\/tags?post=71552"}],"curies":[{"name":"wp","href":"https:\/\/api.w.org\/{rel}","templated":true}]}}