{"id":71554,"date":"2019-12-28T05:29:22","date_gmt":"2019-12-28T10:29:22","guid":{"rendered":"https:\/\/linitiative.ca\/International\/casablanca-vers-la-creation-dun-centre-de-formation-dedie-a-lintelligence-artificielle\/"},"modified":"2019-12-28T05:29:22","modified_gmt":"2019-12-28T10:29:22","slug":"casablanca-vers-la-creation-dun-centre-de-formation-dedie-a-lintelligence-artificielle","status":"publish","type":"post","link":"https:\/\/linitiative.ca\/International\/casablanca-vers-la-creation-dun-centre-de-formation-dedie-a-lintelligence-artificielle\/","title":{"rendered":"Casablanca : vers la cr\u00e9ation d\u2019un centre de formation d\u00e9di\u00e9 \u00e0 l\u2019Intelligence Artificielle"},"content":{"rendered":"<p><strong>Casablanca accueillera bient\u00f4t un centre de la deuxi\u00e8me chance-nouvelle g\u00e9n\u00e9ration d\u00e9di\u00e9 aux m\u00e9tiers de l\u2019Intelligence artificielle.<br \/><\/strong><br \/>La convention de partenariat a \u00e9t\u00e9 sign\u00e9e le 27 d\u00e9cembre \u00e0 Casablanca. Cet accord porte sur la cr\u00e9ation d\u2019un centre de la deuxi\u00e8me chance-nouvelle g\u00e9n\u00e9ration d\u00e9di\u00e9 aux m\u00e9tiers de l\u2019<strong>Intelligence artificielle<\/strong> (IA) \u00e0 l\u2019\u00e9cole Al Hotaya \u00e0 la direction provinciale Casa-Anfa. Notons que ledit centre va notamment cibler les \u00e9l\u00e8ves de moins de 18 ans issus de cat\u00e9gories sociales pr\u00e9caires et en situation d\u2019abandon scolaire.<\/p>\n<div class=\"c10\"\/>\n<p>Lire aussi: <a href=\"https:\/\/www.challenge.ma\/les-exportateurs-misent-sur-lintelligence-artificielle-106345\/\">Les exportateurs misent sur l\u2019intelligence artificielle<\/a><\/p>\n<p>De m\u00eame, il permettra de former 50 enseignants par an dans le domaine de l\u2019IA. \u00ab\u00a0Cette convention constitue une bonne base pour ouvrir de nouvelles opportunit\u00e9s devant ces jeunes, en vue d\u2019acqu\u00e9rir des comp\u00e9tences vitales et, partant, faciliter leur <strong>int\u00e9gration<\/strong> sur le march\u00e9 du travail. La cr\u00e9ation de ce centre s\u2019inscrit dans le cadre des projets lanc\u00e9s pour d\u00e9ployer la vision strat\u00e9gique 2015-2030, en particulier celui visant \u00e0 garantir l\u2019enseignement de rattrapage et l\u2019am\u00e9lioration de l\u2019efficacit\u00e9 de l\u2019\u00e9ducation non formelle\u00a0\u00bb, a soulign\u00e9 Saaid Amzazi, ministre de l\u2019Education nationale, de la formation professionnelle, de l\u2019enseignement sup\u00e9rieur et de la recherche scientifique, lors de la signature de la convention de partenariat.<\/p>\n<div class=\"wp-block-embed__wrapper\"><iframe loading=\"lazy\" title=\"Pocket bank - Shopping\" width=\"1140\" height=\"641\" src=\"https:\/\/www.youtube.com\/embed\/ZsnHDrAKcSY?feature=oembed\" frameborder=\"0\" allow=\"accelerometer; autoplay; encrypted-media; gyroscope; picture-in-picture\" allowfullscreen=\"\">[embedded content]<\/iframe><\/div>\n<p>Il est \u00e0 noter que\u00a0 la convention a \u00e9t\u00e9 sign\u00e9e entre l\u2019Acad\u00e9mie r\u00e9gionale d\u2019\u00e9ducation et de formation (AREF) de <strong>Casablanca-Settat<\/strong>, la direction de l\u2019\u00e9ducation non formelle, la direction provinciale Casa-Anfa et l\u2019association \u00ab\u00a0Groupe technique sp\u00e9cialis\u00e9 en intelligence artificielle\u00a0\u00bb. Elle d\u00e9finit, entre autres, un <strong>cadre l\u00e9gal et r\u00e9glementaire<\/strong> pour l\u2019action du GTS en IA, \u00e0 l\u2019origine dudit projet. Force est de rappeler que 15 centres de la deuxi\u00e8me chance ont \u00e9t\u00e9 cr\u00e9\u00e9s au niveau de la r\u00e9gion en 2019. Soulignons que l\u2019AREF, de son c\u00f4t\u00e9, pr\u00e9voit d\u2019inaugurer en 2020 d\u2019autres centres au sein des locaux des associations et au niveau des espaces relevant des directions et ce, dans la perspective d\u2019am\u00e9liorer les comp\u00e9tences de la jeunesse.<\/p>\n<div class=\"c17\">\n<fieldset class=\"c16\">\n<legend><strong><span class=\"c11\">Challenge<\/span><span class=\"c12\">news<\/span><\/strong><\/legend>\n<div class=\"c15\">Le meilleur de Challenge s\u00e9lectionn\u00e9 par la r\u00e9daction :<\/p>\n<\/div>\n<\/fieldset>\n<\/div>\n<p>Auteur: Roland Amoussou<br \/>\n<a href=\"https:\/\/www.challenge.ma\/casablanca-vers-la-creation-dun-centre-de-formation-dedie-a-lintelligence-artificielle-126840\/\">Cliquez ici pour lire l&rsquo;article depuis sa source.<\/a><\/p>\n","protected":false},"excerpt":{"rendered":"<p>Casablanca accueillera bient\u00f4t un centre de la deuxi\u00e8me chance-nouvelle g\u00e9n\u00e9ration d\u00e9di\u00e9 aux m\u00e9tiers de l\u2019Intelligence artificielle.La convention de partenariat a \u00e9t\u00e9 sign\u00e9e le 27 d\u00e9cembre \u00e0 Casablanca. Cet accord porte sur la cr\u00e9ation d\u2019un centre de la deuxi\u00e8me chance-nouvelle g\u00e9n\u00e9ration d\u00e9di\u00e9 aux m\u00e9tiers de l\u2019Intelligence artificielle (IA) \u00e0 l\u2019\u00e9cole Al Hotaya \u00e0 la direction provinciale [&hellip;]<\/p>\n","protected":false},"author":1787,"featured_media":0,"comment_status":"closed","ping_status":"closed","sticky":false,"template":"","format":"standard","meta":{"fifu_image_url":"","fifu_image_alt":"","footnotes":""},"categories":[78,54],"tags":[],"class_list":["post-71554","post","type-post","status-publish","format-standard","hentry","category-economie","category-maroc"],"_links":{"self":[{"href":"https:\/\/linitiative.ca\/International\/wp-json\/wp\/v2\/posts\/71554","targetHints":{"allow":["GET"]}}],"collection":[{"href":"https:\/\/linitiative.ca\/International\/wp-json\/wp\/v2\/posts"}],"about":[{"href":"https:\/\/linitiative.ca\/International\/wp-json\/wp\/v2\/types\/post"}],"author":[{"embeddable":true,"href":"https:\/\/linitiative.ca\/International\/wp-json\/wp\/v2\/users\/1787"}],"replies":[{"embeddable":true,"href":"https:\/\/linitiative.ca\/International\/wp-json\/wp\/v2\/comments?post=71554"}],"version-history":[{"count":0,"href":"https:\/\/linitiative.ca\/International\/wp-json\/wp\/v2\/posts\/71554\/revisions"}],"wp:attachment":[{"href":"https:\/\/linitiative.ca\/International\/wp-json\/wp\/v2\/media?parent=71554"}],"wp:term":[{"taxonomy":"category","embeddable":true,"href":"https:\/\/linitiative.ca\/International\/wp-json\/wp\/v2\/categories?post=71554"},{"taxonomy":"post_tag","embeddable":true,"href":"https:\/\/linitiative.ca\/International\/wp-json\/wp\/v2\/tags?post=71554"}],"curies":[{"name":"wp","href":"https:\/\/api.w.org\/{rel}","templated":true}]}}