{"id":71557,"date":"2019-12-28T13:30:17","date_gmt":"2019-12-28T18:30:17","guid":{"rendered":"https:\/\/linitiative.ca\/International\/tunisie-arp-pourquoi-le-vote-pour-le-gouvernement-ne-se-fera-pas-avant-le-4-janvier\/"},"modified":"2019-12-28T13:30:17","modified_gmt":"2019-12-28T18:30:17","slug":"tunisie-arp-pourquoi-le-vote-pour-le-gouvernement-ne-se-fera-pas-avant-le-4-janvier","status":"publish","type":"post","link":"https:\/\/linitiative.ca\/International\/tunisie-arp-pourquoi-le-vote-pour-le-gouvernement-ne-se-fera-pas-avant-le-4-janvier\/","title":{"rendered":"Tunisie \u2013 ARP\u00a0: Pourquoi le vote pour le gouvernement ne se fera pas avant le 4 janvier\u00a0?"},"content":{"rendered":"<div class=\"post-cont-in left relative\">\n<p>Il est attendu que le chef du gouvernement charg\u00e9, <a href=\"https:\/\/www.tunisienumerique.com\/tunisie-actualite\/habib-jemli\/\" title=\"Habib Jemli\" target=\"_top\" class=\"auto-link\" rel=\"noopener noreferrer\">Habib Jemli<\/a> propose la nouvelle liste des membres de son gouvernement \u00e0 <a href=\"https:\/\/www.tunisienumerique.com\/tunisie-actualite\/kais-saied\/\" title=\"Ka\u00efs Sa\u00efed\" target=\"_top\" class=\"auto-link\" rel=\"noopener noreferrer\">Ka\u00efs Sa\u00efed<\/a>, demain dimanche ou, au plus tard ce lundi. Si cette liste est ratifi\u00e9e par le pr\u00e9sident de la R\u00e9publique, elle sera aussit\u00f4t envoy\u00e9e \u00e0 l\u2019ARP, pour la soumettre au vote des d\u00e9put\u00e9s.<\/p>\n<div class=\"code-block code-block-1 c3\"><ins class=\"adsbygoogle c2\" data-ad-layout=\"in-article\" data-ad-format=\"fluid\" data-ad-client=\"ca-pub-2102118777505746\" data-ad-slot=\"7301775417\"\/> <\/div>\n<p>Bien que le Cheikh <a href=\"https:\/\/www.tunisienumerique.com\/tunisie-actualite\/rached-ghannouchi\/\" title=\"Rached Ghannouchi\" target=\"_top\" class=\"auto-link\" rel=\"noopener noreferrer\">Rached Ghannouchi<\/a> ait annonc\u00e9 que le parlement reste et \u00e9tat de r\u00e9union ouverte, en pr\u00e9vision de l\u2019\u00e9tude de cette liste, des informations de sources sures annoncent que le vote au parlement ne se fera pas avant samedi 4 janvier 2020. Ce\u00a0sera donc, soit le samedi 4 ou\u00a0 lundi 6 janvier 2020. Pourtant, le parlement est sens\u00e9 rester en mode vigile, en pr\u00e9vision de ce vote.<\/p>\n<p>La raison de ce report est que le pr\u00e9sident de l\u2019ARP, le Cheikh Rached Ghannouchi veut s\u2019assurer de la pr\u00e9sence de tous les \u00e9lus de son bloc et de ceux qui seront ses alli\u00e9s pour voter la confiance au gouvernement.<\/p>\n<p>Or, il semble bien que les d\u00e9put\u00e9s islamistes et ceux de leurs formations satellites, soient f\u00e9rus de f\u00eates et de soir\u00e9es de fin d\u2019ann\u00e9e. Ce qui a fait que le Cheikh, pour plus de s\u00e9curit\u00e9 et pour \u00eatre\u00a0 certain\u00a0d\u2019avoir ses troupes au complet, a choisi de reporter ce vote pour apr\u00e8s les f\u00eates.<\/p>\n<p>Sacr\u00e9s nahdhaouis qui pr\u00e9tendent refuser de comm\u00e9morer les f\u00eates des chr\u00e9tiens, mais qui ne ratent pas l\u2019occasion de s\u2019\u00e9clater \u00e0 ces occasions\u00a0! Une grande partie d\u2019entre eux n\u2019h\u00e9site pas \u00e0 aller faire la f\u00eate en grandes pompes, \u00e0 l\u2019\u00e9tranger. En attendant, le pays peut\u00a0attendre\u00a0un gouvernement\u2026 Il n\u2019y a pas le feu\u00a0!<\/p>\n<div class=\"swp_social_panel swp_horizontal_panel swp_flat_fresh swp_default_full_color swp_individual_full_color swp_other_full_color scale-100 scale-\" data-min-width=\"1100\" data-float-color=\"#ffffff\" data-float=\"bottom\" data-float-mobile=\"bottom\" data-transition=\"slide\">\n<div class=\"nc_tweetContainer swp_share_button total_shares total_sharesalt\"><span class=\"swp_count\">85 <span class=\"swp_label\">Partages<\/span><\/span><\/div>\n<\/div>\n<p><strong>Que se passe-t-il en Tunisie?<\/strong><br \/>Nous expliquons sur notre <a href=\"https:\/\/www.youtube.com\/channel\/UCRzypVq0B_yBad5eGrwBx0Q?sub_confirmation=1\" target=\"_blank\" rel=\"noopener noreferrer\">cha\u00eene YouTube<\/a> . <a href=\"https:\/\/www.youtube.com\/channel\/UCRzypVq0B_yBad5eGrwBx0Q?sub_confirmation=1\" target=\"_blank\" rel=\"noopener noreferrer\">Abonnez-vous!<\/a><\/p>\n<div class=\"mvp-org-wrap mvp-org-logo\" itemprop=\"publisher\" itemscope=\"\" itemtype=\"https:\/\/schema.org\/Organization\"><img decoding=\"async\" src=\"https:\/\/www.tunisienumerique.com\/wp-content\/uploads\/2017\/02\/logo_tunisie_numerique.png\"\/><\/div>\n<div class=\"mvp-related-posts left relative\">\n<h4 class=\"post-header\"><span class=\"post-header\">Lire aussi<\/span><\/h4>\n<\/div>\n<\/div>\n<p>Auteur: Saber .<br \/>\n<a href=\"https:\/\/www.tunisienumerique.com\/tunisie-arp-pourquoi-le-vote-pour-le-gouvernement-ne-se-fera-pas-avant-le-4-janvier\/\">Cliquez ici pour lire l&rsquo;article depuis sa source.<\/a><\/p>\n","protected":false},"excerpt":{"rendered":"<p>Il est attendu que le chef du gouvernement charg\u00e9, Habib Jemli propose la nouvelle liste des membres de son gouvernement \u00e0 Ka\u00efs Sa\u00efed, demain dimanche ou, au plus tard ce lundi. Si cette liste est ratifi\u00e9e par le pr\u00e9sident de la R\u00e9publique, elle sera aussit\u00f4t envoy\u00e9e \u00e0 l\u2019ARP, pour la soumettre au vote des d\u00e9put\u00e9s. [&hellip;]<\/p>\n","protected":false},"author":1789,"featured_media":71558,"comment_status":"closed","ping_status":"closed","sticky":false,"template":"","format":"standard","meta":{"fifu_image_url":"","fifu_image_alt":"","footnotes":""},"categories":[73,55],"tags":[],"class_list":["post-71557","post","type-post","status-publish","format-standard","has-post-thumbnail","hentry","category-actualite","category-tunisie"],"_links":{"self":[{"href":"https:\/\/linitiative.ca\/International\/wp-json\/wp\/v2\/posts\/71557","targetHints":{"allow":["GET"]}}],"collection":[{"href":"https:\/\/linitiative.ca\/International\/wp-json\/wp\/v2\/posts"}],"about":[{"href":"https:\/\/linitiative.ca\/International\/wp-json\/wp\/v2\/types\/post"}],"author":[{"embeddable":true,"href":"https:\/\/linitiative.ca\/International\/wp-json\/wp\/v2\/users\/1789"}],"replies":[{"embeddable":true,"href":"https:\/\/linitiative.ca\/International\/wp-json\/wp\/v2\/comments?post=71557"}],"version-history":[{"count":0,"href":"https:\/\/linitiative.ca\/International\/wp-json\/wp\/v2\/posts\/71557\/revisions"}],"wp:featuredmedia":[{"embeddable":true,"href":"https:\/\/linitiative.ca\/International\/wp-json\/"}],"wp:attachment":[{"href":"https:\/\/linitiative.ca\/International\/wp-json\/wp\/v2\/media?parent=71557"}],"wp:term":[{"taxonomy":"category","embeddable":true,"href":"https:\/\/linitiative.ca\/International\/wp-json\/wp\/v2\/categories?post=71557"},{"taxonomy":"post_tag","embeddable":true,"href":"https:\/\/linitiative.ca\/International\/wp-json\/wp\/v2\/tags?post=71557"}],"curies":[{"name":"wp","href":"https:\/\/api.w.org\/{rel}","templated":true}]}}