{"id":71567,"date":"2019-12-28T12:18:04","date_gmt":"2019-12-28T17:18:04","guid":{"rendered":"https:\/\/linitiative.ca\/International\/affaire-complot-contre-lautorite-de-letat-nul-ne-sera-autorise-a-destabiliser-la-cote-divoire-ouattara\/"},"modified":"2019-12-28T12:18:04","modified_gmt":"2019-12-28T17:18:04","slug":"affaire-complot-contre-lautorite-de-letat-nul-ne-sera-autorise-a-destabiliser-la-cote-divoire-ouattara","status":"publish","type":"post","link":"https:\/\/linitiative.ca\/International\/affaire-complot-contre-lautorite-de-letat-nul-ne-sera-autorise-a-destabiliser-la-cote-divoire-ouattara\/","title":{"rendered":"Affaire complot contre l\u2019autorit\u00e9 de l\u2019Etat: \u00abNul ne sera autoris\u00e9 \u00e0 d\u00e9stabiliser la C\u00f4te d\u2019Ivoire\u00bb (Ouattara)"},"content":{"rendered":"<div readability=\"32\">\n<p>Publi\u00e9 le 28.12.2019 \u00e0 18h18 par APA News<\/p>\n<\/div>\n<div readability=\"96\">\n<p>Le chef de l\u2019Etat ivoirien Alassane Ouattara a d\u00e9clar\u00e9 samedi \u00e0 Abidjan que \u00ab nul ne sera autoris\u00e9 \u00e0 d\u00e9stabiliser la C\u00f4te d\u2019Ivoire \u00bb et que \u00ab le droit sera appliqu\u00e9 \u00e0 tous, candidat ou pas \u00bb \u00e0 l\u2019\u00e9lection pr\u00e9sidentielle de 2020, lors d\u2019une conf\u00e9rence conjointe avec Obiang Nguema, en visite dans le pays.\u00ab Nul ne sera autoris\u00e9 \u00e0 d\u00e9stabiliser la C\u00f4te d\u2019Ivoire, perturber la qui\u00e9tude des Ivoiriens, le droit sera appliqu\u00e9 \u00e0 tous, candidat ou pas \u00bb, a dit Alassane Ouattara face \u00e0 la presse \u00e0 sa r\u00e9sidence, lors d\u2019une conf\u00e9rence de presse conjointe avec le pr\u00e9sident de la Guin\u00e9e-\u00c9quatoriale, Obiang Nguema.\u00a0<\/p>\n<p>M. Ouattara a fait observer que \u00ab les candidatures ne sont pas encore ouvertes par la Commission \u00e9lectorale ind\u00e9pendante (en charge d\u2019organiser les \u00e9lections) et m\u00eame si c\u2019\u00e9tait le cas, nul n\u2019est au-dessus de la loi, aussi bien les anciens pr\u00e9sidents, les pr\u00e9sidents d\u2019institutions, le pr\u00e9sident de la R\u00e9publique \u00bb.\u00a0<\/p>\n<p>\u00ab Nous sommes des citoyens et nous sommes responsables devant les juridictions \u00bb, a soutenu M. Ouattara, \u00a0avant d\u2019ajouter que \u00ab la Constitution de la C\u00f4te d\u2019Ivoire a des \u00e9l\u00e9ments tr\u00e8s clairs concernant les d\u00e9put\u00e9s (qui) ne sont pas au-dessus de la loi \u00bb.<\/p>\n<p>A la suite d\u2019un retour avort\u00e9 de Guillaume Soro, ex-pr\u00e9sident de l\u2019Assembl\u00e9e nationale, \u00e0 l\u2019a\u00e9roport d\u2019Abidjan, le 23 d\u00e9cembre 2019, un mandat d\u2019arr\u00eat international a \u00e9t\u00e9 requis contre lui pour complot contre l\u2019autorit\u00e9 de l\u2019Etat. En outre une quinzaine de personnalit\u00e9s politiques dont des d\u00e9put\u00e9s ont \u00e9t\u00e9 arr\u00eat\u00e9es. \u00a0\u00a0<\/p>\n<p>Au nombre des personnes mises aux arr\u00eats, figurent cinq d\u00e9put\u00e9s : Alain Lobognon, Soro Kanigui Mamadou, Yao Souma\u00efla, Camara Loukimane, Soumahoro Kando. Ils ont \u00e9t\u00e9 inculp\u00e9s et mis sous mandat de d\u00e9p\u00f4t pour trouble \u00e0 l\u2019ordre public, diffusion de nouvelles fausses et atteinte \u00e0 l\u2019autorit\u00e9 de l\u2019Etat.<\/p>\n<p>Le pr\u00e9sident ivoirien a soulign\u00e9 que les d\u00e9put\u00e9s \u00ab ne peuvent pas \u00eatre poursuivis dans le cadre de l\u2019exercice de leur fonction (en C\u00f4te d\u2019Ivoire), mais quand ils sont m\u00eal\u00e9s \u00e0 la d\u00e9stabilisation de ce pays, ils doivent faire face \u00e0 la rigueur de la loi \u00bb.<\/p>\n<p>\u00ab La loi sera appliqu\u00e9e, int\u00e9gralement appliqu\u00e9e \u00e0 tous les citoyens Ivoiriens \u00a0quel que soit le lieu o\u00f9 ils r\u00e9sident en dehors de la C\u00f4te d\u2019Ivoire \u00bb, a d\u00e9clar\u00e9 M. Ouattara, au moment o\u00f9 Guillaume Soro, un ex-alli\u00e9, qui a d\u00e9rout\u00e9 le 23 d\u00e9cembre denier son vol alors qu\u2019il rentrait \u00e0 Abidjan, est hors des fronti\u00e8res ivoiriennes.<\/p>\n<\/div>\n<p>Auteur: APA News<br \/>\n<a href=\"https:\/\/www.journalducameroun.com\/affaire-complot-contre-lautorite-de-letat-nul-ne-sera-autorise-a-destabiliser-la-cote-divoire-ouattara\/\">Cliquez ici pour lire l&rsquo;article depuis sa source.<\/a><\/p>\n","protected":false},"excerpt":{"rendered":"<p>Publi\u00e9 le 28.12.2019 \u00e0 18h18 par APA News Le chef de l\u2019Etat ivoirien Alassane Ouattara a d\u00e9clar\u00e9 samedi \u00e0 Abidjan que \u00ab nul ne sera autoris\u00e9 \u00e0 d\u00e9stabiliser la C\u00f4te d\u2019Ivoire \u00bb et que \u00ab le droit sera appliqu\u00e9 \u00e0 tous, candidat ou pas \u00bb \u00e0 l\u2019\u00e9lection pr\u00e9sidentielle de 2020, lors d\u2019une conf\u00e9rence conjointe avec [&hellip;]<\/p>\n","protected":false},"author":1965,"featured_media":0,"comment_status":"closed","ping_status":"closed","sticky":false,"template":"","format":"standard","meta":{"fifu_image_url":"","fifu_image_alt":"","footnotes":""},"categories":[73,82],"tags":[],"class_list":["post-71567","post","type-post","status-publish","format-standard","hentry","category-actualite","category-cameroun"],"_links":{"self":[{"href":"https:\/\/linitiative.ca\/International\/wp-json\/wp\/v2\/posts\/71567","targetHints":{"allow":["GET"]}}],"collection":[{"href":"https:\/\/linitiative.ca\/International\/wp-json\/wp\/v2\/posts"}],"about":[{"href":"https:\/\/linitiative.ca\/International\/wp-json\/wp\/v2\/types\/post"}],"author":[{"embeddable":true,"href":"https:\/\/linitiative.ca\/International\/wp-json\/wp\/v2\/users\/1965"}],"replies":[{"embeddable":true,"href":"https:\/\/linitiative.ca\/International\/wp-json\/wp\/v2\/comments?post=71567"}],"version-history":[{"count":0,"href":"https:\/\/linitiative.ca\/International\/wp-json\/wp\/v2\/posts\/71567\/revisions"}],"wp:attachment":[{"href":"https:\/\/linitiative.ca\/International\/wp-json\/wp\/v2\/media?parent=71567"}],"wp:term":[{"taxonomy":"category","embeddable":true,"href":"https:\/\/linitiative.ca\/International\/wp-json\/wp\/v2\/categories?post=71567"},{"taxonomy":"post_tag","embeddable":true,"href":"https:\/\/linitiative.ca\/International\/wp-json\/wp\/v2\/tags?post=71567"}],"curies":[{"name":"wp","href":"https:\/\/api.w.org\/{rel}","templated":true}]}}