{"id":71568,"date":"2019-12-28T15:18:03","date_gmt":"2019-12-28T20:18:03","guid":{"rendered":"https:\/\/linitiative.ca\/International\/egypte-au-moins-six-morts-dans-laccident-dun-bus-touristique\/"},"modified":"2019-12-28T15:18:03","modified_gmt":"2019-12-28T20:18:03","slug":"egypte-au-moins-six-morts-dans-laccident-dun-bus-touristique","status":"publish","type":"post","link":"https:\/\/linitiative.ca\/International\/egypte-au-moins-six-morts-dans-laccident-dun-bus-touristique\/","title":{"rendered":"Egypte : Au moins six morts dans l\u2019accident d\u2019un bus touristique"},"content":{"rendered":"<div readability=\"32\">\n<p>Publi\u00e9 le 28.12.2019 \u00e0 21h18 par APA News<\/p>\n<\/div>\n<div readability=\"44\">\n<p>Au moins six personnes ont \u00e9t\u00e9 tu\u00e9es samedi et 32 autres bless\u00e9es dans un accident de la route survenu dans la cit\u00e9 baln\u00e9aire de Ain Soukhna, au bord de la mer rouge, selon des sources s\u00e9curitaires \u00e9gyptiennes.Par Mohamed Fayed<\/p>\n<p>L\u2019accident s\u2019est produit suite \u00e0 une collision frontale entre deux bus, ajoutent les m\u00eames sources, pr\u00e9cisant que parmi les morts figurent trois touristes asiatiques auraient.<\/p>\n<p>Aucune information officielle n\u2019a cependant encore \u00e9t\u00e9 d\u00e9voil\u00e9e quant \u00e0 l\u2019identit\u00e9 des victimes.<\/p>\n<\/div>\n<p>Auteur: APA News<br \/>\n<a href=\"https:\/\/www.journalducameroun.com\/egypte-au-moins-six-morts-dans-laccident-dun-bus-touristique\/\">Cliquez ici pour lire l&rsquo;article depuis sa source.<\/a><\/p>\n","protected":false},"excerpt":{"rendered":"<p>Publi\u00e9 le 28.12.2019 \u00e0 21h18 par APA News Au moins six personnes ont \u00e9t\u00e9 tu\u00e9es samedi et 32 autres bless\u00e9es dans un accident de la route survenu dans la cit\u00e9 baln\u00e9aire de Ain Soukhna, au bord de la mer rouge, selon des sources s\u00e9curitaires \u00e9gyptiennes.Par Mohamed Fayed L\u2019accident s\u2019est produit suite \u00e0 une collision frontale [&hellip;]<\/p>\n","protected":false},"author":1965,"featured_media":0,"comment_status":"closed","ping_status":"closed","sticky":false,"template":"","format":"standard","meta":{"fifu_image_url":"","fifu_image_alt":"","footnotes":""},"categories":[73,82],"tags":[],"class_list":["post-71568","post","type-post","status-publish","format-standard","hentry","category-actualite","category-cameroun"],"_links":{"self":[{"href":"https:\/\/linitiative.ca\/International\/wp-json\/wp\/v2\/posts\/71568","targetHints":{"allow":["GET"]}}],"collection":[{"href":"https:\/\/linitiative.ca\/International\/wp-json\/wp\/v2\/posts"}],"about":[{"href":"https:\/\/linitiative.ca\/International\/wp-json\/wp\/v2\/types\/post"}],"author":[{"embeddable":true,"href":"https:\/\/linitiative.ca\/International\/wp-json\/wp\/v2\/users\/1965"}],"replies":[{"embeddable":true,"href":"https:\/\/linitiative.ca\/International\/wp-json\/wp\/v2\/comments?post=71568"}],"version-history":[{"count":0,"href":"https:\/\/linitiative.ca\/International\/wp-json\/wp\/v2\/posts\/71568\/revisions"}],"wp:attachment":[{"href":"https:\/\/linitiative.ca\/International\/wp-json\/wp\/v2\/media?parent=71568"}],"wp:term":[{"taxonomy":"category","embeddable":true,"href":"https:\/\/linitiative.ca\/International\/wp-json\/wp\/v2\/categories?post=71568"},{"taxonomy":"post_tag","embeddable":true,"href":"https:\/\/linitiative.ca\/International\/wp-json\/wp\/v2\/tags?post=71568"}],"curies":[{"name":"wp","href":"https:\/\/api.w.org\/{rel}","templated":true}]}}