{"id":71569,"date":"2019-12-28T15:18:06","date_gmt":"2019-12-28T20:18:06","guid":{"rendered":"https:\/\/linitiative.ca\/International\/algerie-abdelaziz-djerad-nomme-premier-ministre\/"},"modified":"2019-12-28T15:18:06","modified_gmt":"2019-12-28T20:18:06","slug":"algerie-abdelaziz-djerad-nomme-premier-ministre","status":"publish","type":"post","link":"https:\/\/linitiative.ca\/International\/algerie-abdelaziz-djerad-nomme-premier-ministre\/","title":{"rendered":"Alg\u00e9rie : Abdelaziz Djerad nomm\u00e9 Premier ministre"},"content":{"rendered":"<div readability=\"32\">\n<p>Publi\u00e9 le 28.12.2019 \u00e0 21h18 par APA News<\/p>\n<\/div>\n<div readability=\"54\">\n<p>Le pr\u00e9sident alg\u00e9rien Abdelmadjid Tebboune a nomm\u00e9 samedi Abdelaziz Djerad au poste de Premier ministre, a annonc\u00e9 la t\u00e9l\u00e9vision publique, citant un communiqu\u00e9 de la pr\u00e9sidence.Universitaire et titulaire d\u2019un doctorat en Sciences politiques, Djerad a \u00ab \u00e9t\u00e9 charg\u00e9 de constituer un nouveau gouvernement \u00bb, selon la m\u00eame source.<\/p>\n<p>Il succ\u00e8de \u00e0 Sabri Boukadoum, ministre des Affaires \u00e9trang\u00e8res qui avait \u00e9t\u00e9 nomm\u00e9 Premier ministre par int\u00e9rim apr\u00e8s la d\u00e9mission de Noureddine Bedoui le 19 d\u00e9cembre.<\/p>\n<p>\u00ab Nous devons travailler avec toutes les comp\u00e9tences nationales et les cadres du pays, les citoyennes et les citoyens afin de sortir de cette \u00e9tape difficile \u00bb et faire aux d\u00e9fis \u00e9conomiques et sociaux \u00bb, a d\u00e9clar\u00e9 M. Djerad.<\/p>\n<p>La nomination de Djerad intervient deux semaines apr\u00e8s l\u2019\u00e9lection \u00e0 la pr\u00e9sidence d\u2019Abdelmadjid Tebboune, au terme d\u2019un scrutin largement boud\u00e9 par les Alg\u00e9riens (60%) et d\u00e9cri\u00e9 par le puissant mouvement de contestation qui secoue le pays depuis le 22 f\u00e9vrier.<\/p>\n<\/div>\n<p>Auteur: APA News<br \/>\n<a href=\"https:\/\/www.journalducameroun.com\/algerie-abdelaziz-djerad-nomme-premier-ministre\/\">Cliquez ici pour lire l&rsquo;article depuis sa source.<\/a><\/p>\n","protected":false},"excerpt":{"rendered":"<p>Publi\u00e9 le 28.12.2019 \u00e0 21h18 par APA News Le pr\u00e9sident alg\u00e9rien Abdelmadjid Tebboune a nomm\u00e9 samedi Abdelaziz Djerad au poste de Premier ministre, a annonc\u00e9 la t\u00e9l\u00e9vision publique, citant un communiqu\u00e9 de la pr\u00e9sidence.Universitaire et titulaire d\u2019un doctorat en Sciences politiques, Djerad a \u00ab \u00e9t\u00e9 charg\u00e9 de constituer un nouveau gouvernement \u00bb, selon la m\u00eame [&hellip;]<\/p>\n","protected":false},"author":1965,"featured_media":0,"comment_status":"closed","ping_status":"closed","sticky":false,"template":"","format":"standard","meta":{"fifu_image_url":"","fifu_image_alt":"","footnotes":""},"categories":[73,82],"tags":[],"class_list":["post-71569","post","type-post","status-publish","format-standard","hentry","category-actualite","category-cameroun"],"_links":{"self":[{"href":"https:\/\/linitiative.ca\/International\/wp-json\/wp\/v2\/posts\/71569","targetHints":{"allow":["GET"]}}],"collection":[{"href":"https:\/\/linitiative.ca\/International\/wp-json\/wp\/v2\/posts"}],"about":[{"href":"https:\/\/linitiative.ca\/International\/wp-json\/wp\/v2\/types\/post"}],"author":[{"embeddable":true,"href":"https:\/\/linitiative.ca\/International\/wp-json\/wp\/v2\/users\/1965"}],"replies":[{"embeddable":true,"href":"https:\/\/linitiative.ca\/International\/wp-json\/wp\/v2\/comments?post=71569"}],"version-history":[{"count":0,"href":"https:\/\/linitiative.ca\/International\/wp-json\/wp\/v2\/posts\/71569\/revisions"}],"wp:attachment":[{"href":"https:\/\/linitiative.ca\/International\/wp-json\/wp\/v2\/media?parent=71569"}],"wp:term":[{"taxonomy":"category","embeddable":true,"href":"https:\/\/linitiative.ca\/International\/wp-json\/wp\/v2\/categories?post=71569"},{"taxonomy":"post_tag","embeddable":true,"href":"https:\/\/linitiative.ca\/International\/wp-json\/wp\/v2\/tags?post=71569"}],"curies":[{"name":"wp","href":"https:\/\/api.w.org\/{rel}","templated":true}]}}