{"id":71571,"date":"2019-12-28T16:18:03","date_gmt":"2019-12-28T21:18:03","guid":{"rendered":"https:\/\/linitiative.ca\/International\/egypte-la-51eme-edition-du-salon-du-livre-du-caire-sous-le-slogan-egypte-afrique-la-culture-de-la-diversite\/"},"modified":"2019-12-28T16:18:03","modified_gmt":"2019-12-28T21:18:03","slug":"egypte-la-51eme-edition-du-salon-du-livre-du-caire-sous-le-slogan-egypte-afrique-la-culture-de-la-diversite","status":"publish","type":"post","link":"https:\/\/linitiative.ca\/International\/egypte-la-51eme-edition-du-salon-du-livre-du-caire-sous-le-slogan-egypte-afrique-la-culture-de-la-diversite\/","title":{"rendered":"Egypte : La 51\u00e8me \u00e9dition du Salon du livre du Caire sous le slogan \u00ab Egypte-Afrique : la culture de la diversit\u00e9 \u00bb"},"content":{"rendered":"<div readability=\"32\">\n<p>Publi\u00e9 le 28.12.2019 \u00e0 22h18 par APA News<\/p>\n<\/div>\n<div readability=\"57\">\n<p>La 51\u00e8me \u00e9dition du salon international du livre du Caire, aura lieu du 22 janvier au 4 f\u00e9vrier 2020 au Caire sous le slogn \u00ab Egypte-Afrique : la culture de la diversit\u00e9 \u00bb, ont annonc\u00e9 les organisateurs.Par Mohamed Fayed<\/p>\n<p>Cette \u00e9dition, qui mettra \u00e0 l\u2019honneur le S\u00e9n\u00e9gal, a d\u00e9sign\u00e9 la c\u00e9l\u00e8bre actrice \u00e9gyptienne, Samiha Ayoub, ambassadrice du Salon.<\/p>\n<p>La foire du livre accueille des auteurs et des \u00e9diteurs venant de nombreux pays et les visiteurs y trouvent tous les genres litt\u00e9raires.<\/p>\n<p>Ce rendez-vous livresque est consid\u00e9r\u00e9 comme le salon du livre le plus fr\u00e9quent\u00e9 au monde. Pas moins de 3 000 exposants qui viennent des quatre coins du monde, attirent environs 3 millions de visiteurs par ann\u00e9e.<\/p>\n<p>Pour rappel, ce salon se tient depuis 1969, et est devenu l\u2019un des plus importants salons du livre du Moyen-Orient. Il rassemble des \u00e9diteurs, des auteurs et des lecteurs venus du monde entier.<\/p>\n<\/div>\n<p>Auteur: APA News<br \/>\n<a href=\"https:\/\/www.journalducameroun.com\/egypte-la-51eme-edition-du-salon-du-livre-du-caire-sous-le-slogan-egypte-afrique-la-culture-de-la-diversite\/\">Cliquez ici pour lire l&rsquo;article depuis sa source.<\/a><\/p>\n","protected":false},"excerpt":{"rendered":"<p>Publi\u00e9 le 28.12.2019 \u00e0 22h18 par APA News La 51\u00e8me \u00e9dition du salon international du livre du Caire, aura lieu du 22 janvier au 4 f\u00e9vrier 2020 au Caire sous le slogn \u00ab Egypte-Afrique : la culture de la diversit\u00e9 \u00bb, ont annonc\u00e9 les organisateurs.Par Mohamed Fayed Cette \u00e9dition, qui mettra \u00e0 l\u2019honneur le S\u00e9n\u00e9gal, [&hellip;]<\/p>\n","protected":false},"author":1965,"featured_media":0,"comment_status":"closed","ping_status":"closed","sticky":false,"template":"","format":"standard","meta":{"fifu_image_url":"","fifu_image_alt":"","footnotes":""},"categories":[73,82],"tags":[],"class_list":["post-71571","post","type-post","status-publish","format-standard","hentry","category-actualite","category-cameroun"],"_links":{"self":[{"href":"https:\/\/linitiative.ca\/International\/wp-json\/wp\/v2\/posts\/71571","targetHints":{"allow":["GET"]}}],"collection":[{"href":"https:\/\/linitiative.ca\/International\/wp-json\/wp\/v2\/posts"}],"about":[{"href":"https:\/\/linitiative.ca\/International\/wp-json\/wp\/v2\/types\/post"}],"author":[{"embeddable":true,"href":"https:\/\/linitiative.ca\/International\/wp-json\/wp\/v2\/users\/1965"}],"replies":[{"embeddable":true,"href":"https:\/\/linitiative.ca\/International\/wp-json\/wp\/v2\/comments?post=71571"}],"version-history":[{"count":0,"href":"https:\/\/linitiative.ca\/International\/wp-json\/wp\/v2\/posts\/71571\/revisions"}],"wp:attachment":[{"href":"https:\/\/linitiative.ca\/International\/wp-json\/wp\/v2\/media?parent=71571"}],"wp:term":[{"taxonomy":"category","embeddable":true,"href":"https:\/\/linitiative.ca\/International\/wp-json\/wp\/v2\/categories?post=71571"},{"taxonomy":"post_tag","embeddable":true,"href":"https:\/\/linitiative.ca\/International\/wp-json\/wp\/v2\/tags?post=71571"}],"curies":[{"name":"wp","href":"https:\/\/api.w.org\/{rel}","templated":true}]}}