{"id":71572,"date":"2019-12-28T00:07:39","date_gmt":"2019-12-28T05:07:39","guid":{"rendered":"https:\/\/linitiative.ca\/International\/disparition-du-franc-cfa-revolution-ou-arnaque\/"},"modified":"2019-12-28T00:07:39","modified_gmt":"2019-12-28T05:07:39","slug":"disparition-du-franc-cfa-revolution-ou-arnaque","status":"publish","type":"post","link":"https:\/\/linitiative.ca\/International\/disparition-du-franc-cfa-revolution-ou-arnaque\/","title":{"rendered":"Disparition du franc CFA, r\u00e9volution ou arnaque ?"},"content":{"rendered":"<p>Le 21 d\u00e9cembre 2019 \u00e0 Abidjan, C\u00f4te d\u2019Ivoire, le pr\u00e9sident fran\u00e7ais, <strong>Emmanuel Macron<\/strong> et son homologue ivoirien, <strong>Alassane Dramane Ouattara<\/strong> ont annonc\u00e9 la <em>\u00ab\u00a0disparition\u00a0\u00bb<\/em> du <strong>Franc de la Communaut\u00e9 financi\u00e8re africaine (FCFA)<\/strong>, n\u00e9 en 1945 sous la premi\u00e8re appellation de <strong>Franc des colonies fran\u00e7aises d\u2019Afrique<\/strong>. \u00ab C\u2019est en entendant votre jeunesse que j\u2019ai voulu engager cette r\u00e9forme. Le Franc CFA cristallise de nombreuses critiques et de nombreux d\u00e9bats sur la France en Afrique. J\u2019ai entendu les critiques, je vois votre jeunesse qui nous reproche de continuer une relation qu\u2019elle juge postcoloniale. Donc rompons les amarres \u00bb, a d\u00e9clar\u00e9 Emmanuel Macron. <strong>Alassane Ouattara<\/strong> s\u2019est content\u00e9 d\u2019expliquer que cette d\u00e9cision<em>\u00a0<\/em>\u00ab\u00a0historique\u00a0\u00bb\u00a0a \u00e9t\u00e9\u00a0\u00ab\u00a0prise en toute souverainet\u00e9. Elle prend en compte notre volont\u00e9 de construire notre futur de mani\u00e8re responsable \u00bb.<\/p>\n<p>Le franc CFA est donc mort, pr\u00e8s de 60 ans apr\u00e8s les ind\u00e9pendances des anciennes colonies fran\u00e7aises sur le continent africain. D\u00e8s 2020, il sera remplac\u00e9 par l\u2019<strong>Eco<\/strong>. Le changement ne concerne pour l\u2019instant que les huit pays de l\u2019<strong>Union \u00e9conomique et mon\u00e9taire d\u2019Afrique de l\u2019Ouest (Uemoa)<\/strong> que sont B\u00e9nin, Burkina faso, C\u00f4te d\u2019Ivoire, Guin\u00e9e-Bissau, Mali, Niger, S\u00e9n\u00e9gal et Togo. L\u2019Afrique centrale n\u2019est pour l\u2019instant pas comprise dans le processus. Ce qui est pr\u00e9sent\u00e9 comme un changement historique est suivi par d\u2019autres transformations\u00a0: fin de l\u2019obligation pour les Etats africains concern\u00e9s de verser 50% de leur r\u00e9serves de change au Tr\u00e9sor fran\u00e7ais\u00a0; fin de la pr\u00e9sence fran\u00e7aise au conseil d\u2019administration de la Banque centrale \u00e0 Dakar. Sauf qu\u2019il est maintenu la garantie de la France et l\u2019arrimage de la nouvelle monnaie \u00e0 l\u2019euro. <em>\u00ab\u00a0En bref, La France cesse d\u2019\u00eatre co-gestionnaire mais demeure garant financier\u00a0\u00bb<\/em>, analyse le journal Le Monde dans un \u00e9ditorial du 26 d\u00e9cembre.<\/p>\n<p>Selon ce m\u00e9dia fran\u00e7ais, avec l\u2019av\u00e8nement de l\u2019Eco, l\u2019on vogue entre r\u00e9volution et arnaque. Pour les partisans de l\u2019Eco, l\u2019union mon\u00e9taire garantie par la France assure la stabilit\u00e9, y compris durant de graves crises. Selon ses d\u00e9tracteurs, le syst\u00e8me maintient la parit\u00e9 avec une monnaie trop forte (l\u2019euro), emp\u00eache toute d\u00e9valuation comp\u00e9titive, d\u00e9courage la production locale, entrave l\u2019industrialisation et enferme les pays dans une \u00e9conomie de rente de mati\u00e8res premi\u00e8res. <em>\u00ab\u00a0L\u2019arrangement avec Paris peut \u00eatre vu comme un cadeau aux \u00e9lites francophones africaines, dont le pouvoir d\u2019achat est gonfl\u00e9. A cet \u00e9gard, la vraie-fausse disparition du franc CFA annonc\u00e9e par M. Macron ne changera rien\u00a0\u00bb,<\/em> alerte le journal.<\/p>\n<p>Tout compte fait, le maintien du lien mon\u00e9taire avec la France est \u00e0 la fois une assurance de stabilit\u00e9 et un aveu de faiblesse pour les dirigeants africains. Ces derniers doivent cependant saisir l\u2019occasion de cette <em>\u00ab\u00a0rupture partielle\u00a0\u00bb<\/em> comme un appel \u00e0 une v\u00e9ritable \u00e9mancipation \u00e9conomique et mon\u00e9taire des Etats africains francophones. Si <strong>Emmanuel Macron<\/strong> \u2013 dont l\u2019attitude montre qu\u2019il est content d\u2019avoir gard\u00e9 les r\u00eanes \u2013 et la France veulent rester cr\u00e9dibles, en d\u00e9clarant vouloir tourner le dos \u00e0 la page coloniale, ils doivent tout faire pour aider les Etats africains \u00e0 prendre en main leur propre monnaie, et leurs \u00e9conomies.<\/p>\n<p>Le d\u00e9bat, bien entendu, est relanc\u00e9 de plus belle au sein de la communaut\u00e9 africaine francophone. Certains y voient un <em>\u00ab\u00a0avanc\u00e9e r\u00e9elle\u00a0\u00bb<\/em>. A l\u2019instar de l\u2019\u00e9conomiste <strong>Felwine Sarr<\/strong>, de la Banque centrale des Etats de l\u2019Afrique de l\u2019Ouest (<strong>Bceao<\/strong>), qui estime que la r\u00e9forme du franc CFA est une <em>\u00ab\u00a0\u00e9tape symboliquement int\u00e9ressante\u00a0\u00bb. \u00ab\u00a0Que les repr\u00e9sentants fran\u00e7ais quittent les organismes de d\u00e9cision et que le compte d\u2019op\u00e9ration revienne en Afrique nous permettront d\u2019avoir des ressources en liquidit\u00e9s \u00e0 investir dans la zone et de se d\u00e9faire en partie de la tutelle de Paris. Nous ne sommes pas des jeunes enfants qui ont besoin de garanties\u00a0\u00bb<\/em>, souligne-t-il.<\/p>\n<p><strong>Moubarack Lo<\/strong>, \u00e9conomiste en chef du Premier ministre s\u00e9n\u00e9galais, voit dans cette r\u00e9forme\u00a0<em>\u00ab\u00a0une transition en douceur, qui facilitera la fusion avec les autres pays de la C\u00e9d\u00e9ao\u00a0\u00bb.<\/em>\u00a0Il assure que\u00a0<em>\u00ab\u00a0rien n\u2019emp\u00eache d\u2019am\u00e9liorer quelques \u00e9l\u00e9ments d\u00e8s 2020\u00a0: l\u2019ancrage sur un panier de devises, la pr\u00e9paration de l\u2019impression des billets et pi\u00e8ces sur le continent\u00a0\u00bb.<\/em><\/p>\n<p>A contrario, l\u2019\u00e9conomiste <strong>Demba Moussa Dembel\u00e9<\/strong> est de ceux qui estiment qu\u2019il s\u2019agit d\u2019une <em>\u00ab\u00a0r\u00e9forme cosm\u00e9tique\u00a0\u00bb<\/em>. Selon lui, ladite r\u00e9forme \u00e9limine les symboles qui f\u00e2chent sans toucher au fond du probl\u00e8me\u00a0: <em>\u00ab\u00a0ce que demandent les peuples africains, c\u2019est la fin du franc CFA et non sa r\u00e9forme \u00bb<\/em>.\u00a0 Une position qui trouve \u00e9cho chez <strong>Cheikh Tidiane Dieye<\/strong>. L\u2019\u00e9conomiste s\u00e9n\u00e9galais d\u00e9nonce\u00a0<em>\u00ab\u00a0une arnaque politique (\u2026) une d\u00e9cision opportuniste, un vol. Ce sera une r\u00e9forme du CFA et en aucun cas un avantage pour la cr\u00e9ation de l\u2019Eco, puisque ce dernier n\u2019a jamais envisag\u00e9 son existence par rapport \u00e0 la France \u00bb.<\/em><\/p>\n<p>M\u00eame s\u2019ils ne sont pas encore concern\u00e9s par la r\u00e9forme, l\u2019av\u00e8nement de l\u2019Eco a caus\u00e9 diverses r\u00e9actions dans les pays de C\u00e9mac. Malgr\u00e9 les nombreuses divergences politiques, les Camerounais, par exemple, convergent presqu\u2019enti\u00e8rement sur la n\u00e9cessit\u00e9 d\u2019en finir avec <em>\u00ab\u00a0la monnaie coloniale\u00a0\u00bb<\/em>. La seule pr\u00e9occupation \u00e9tant de savoir dans quelles conditions le faire.<\/p>\n<div class=\"sharedaddy sd-sharing-enabled robots-nocontent sd-block sd-social sd-social-icon-text sd-sharing\">\n<h3 class=\"sd-title\">Partager\u00a0:<\/h3>\n<\/div>\n<p><h3 class=\"jp-relatedposts-headline\"><em>Articles similaires<\/em><\/h3>\n<\/p>\n<p>Auteur: Francky<br \/>\n<a href=\"https:\/\/ecomatin.net\/disparition-du-franc-cfa-revolution-ou-arnaque\/\">Cliquez ici pour lire l&rsquo;article depuis sa source.<\/a><\/p>\n","protected":false},"excerpt":{"rendered":"<p>Le 21 d\u00e9cembre 2019 \u00e0 Abidjan, C\u00f4te d\u2019Ivoire, le pr\u00e9sident fran\u00e7ais, Emmanuel Macron et son homologue ivoirien, Alassane Dramane Ouattara ont annonc\u00e9 la \u00ab\u00a0disparition\u00a0\u00bb du Franc de la Communaut\u00e9 financi\u00e8re africaine (FCFA), n\u00e9 en 1945 sous la premi\u00e8re appellation de Franc des colonies fran\u00e7aises d\u2019Afrique. \u00ab C\u2019est en entendant votre jeunesse que j\u2019ai voulu engager [&hellip;]<\/p>\n","protected":false},"author":1969,"featured_media":0,"comment_status":"closed","ping_status":"closed","sticky":false,"template":"","format":"standard","meta":{"fifu_image_url":"","fifu_image_alt":"","footnotes":""},"categories":[82,78],"tags":[],"class_list":["post-71572","post","type-post","status-publish","format-standard","hentry","category-cameroun","category-economie"],"_links":{"self":[{"href":"https:\/\/linitiative.ca\/International\/wp-json\/wp\/v2\/posts\/71572","targetHints":{"allow":["GET"]}}],"collection":[{"href":"https:\/\/linitiative.ca\/International\/wp-json\/wp\/v2\/posts"}],"about":[{"href":"https:\/\/linitiative.ca\/International\/wp-json\/wp\/v2\/types\/post"}],"author":[{"embeddable":true,"href":"https:\/\/linitiative.ca\/International\/wp-json\/wp\/v2\/users\/1969"}],"replies":[{"embeddable":true,"href":"https:\/\/linitiative.ca\/International\/wp-json\/wp\/v2\/comments?post=71572"}],"version-history":[{"count":0,"href":"https:\/\/linitiative.ca\/International\/wp-json\/wp\/v2\/posts\/71572\/revisions"}],"wp:attachment":[{"href":"https:\/\/linitiative.ca\/International\/wp-json\/wp\/v2\/media?parent=71572"}],"wp:term":[{"taxonomy":"category","embeddable":true,"href":"https:\/\/linitiative.ca\/International\/wp-json\/wp\/v2\/categories?post=71572"},{"taxonomy":"post_tag","embeddable":true,"href":"https:\/\/linitiative.ca\/International\/wp-json\/wp\/v2\/tags?post=71572"}],"curies":[{"name":"wp","href":"https:\/\/api.w.org\/{rel}","templated":true}]}}