{"id":71573,"date":"2019-12-28T00:39:03","date_gmt":"2019-12-28T05:39:03","guid":{"rendered":"https:\/\/linitiative.ca\/International\/presidence-de-la-republique-polemique-autour-dune-facture-dachat-de-boissons-de-15-milliard\/"},"modified":"2019-12-28T00:39:03","modified_gmt":"2019-12-28T05:39:03","slug":"presidence-de-la-republique-polemique-autour-dune-facture-dachat-de-boissons-de-15-milliard","status":"publish","type":"post","link":"https:\/\/linitiative.ca\/International\/presidence-de-la-republique-polemique-autour-dune-facture-dachat-de-boissons-de-15-milliard\/","title":{"rendered":"Pr\u00e9sidence de la R\u00e9publique : pol\u00e9mique autour d\u2019une facture d\u2019achat de boissons de 1,5 milliard"},"content":{"rendered":"<p>Par une correspondante en date du 24 d\u00e9cembre 2019, dont <strong>EcoMatin<\/strong> a eu copie, un regroupement de personne se faisant appeler <em><strong>\u00ab\u00a0Collectif des associations de la diaspora camerounaise en France\u00a0\u00bb<\/strong> a saisi trois entreprises fran\u00e7aises pour une bien curieuse requ\u00eate. \u00ab\u00a0Nous tenons \u00e0 vous mettre en garde contre cette op\u00e9ration constitutive de blanchiment et de recel d\u2019argent d\u00e9tourn\u00e9 au pr\u00e9judice du peuple camerounais. Les lois fran\u00e7aises vous astreignent \u00e0 v\u00e9rifier la lic\u00e9it\u00e9 des fonds de ceux qui ach\u00e8tent de grosses quantit\u00e9s de produits dans vos entreprises\u00a0\u00bb<\/em>, peut-on lire dans cette lettre adress\u00e9e concomitamment \u00e0 <strong>Cognac<\/strong><strong>,\u00a0Global Fine wi\u00a0et\u00a0SAS de Morillons de la Bertonniere.<\/strong><\/p>\n<p>Le Collectif ajoute\u00a0: <em>\u00ab\u00a0en vous abstenant de le faire et au cas o\u00f9 vous avez d\u00e9j\u00e0 re\u00e7u et ex\u00e9cut\u00e9 de telles commandes, vous serez p\u00e9nalement poursuivis en France pour blanchiment et recel de blanchiment\u00a0\u00bb.\u00a0<\/em><\/p>\n<p>Cette demande est en r\u00e9action \u00e0 un document qui a circul\u00e9 sur les <strong>r\u00e9seaux sociaux<\/strong> juste avant No\u00ebl. Selon ledit document, le <strong>directeur g\u00e9n\u00e9ral du Budget au minist\u00e8re des Finances<\/strong> demandait au <strong>percepteur payeur de l\u2019ambassade du Cameroun en France<\/strong>, de prendre les dispositions n\u00e9cessaires pour le payement, aux soci\u00e9t\u00e9s ci-dessus mentionn\u00e9es, le versement de pr\u00e8s de <strong>1,5 milliard de FCFA<\/strong>.\u00a0 Cette somme repr\u00e9sente, souligne le m\u00eame document, le montant d\u2019une facture en achat de boissons pour les f\u00eates de fin d\u2019ann\u00e9e pour le compte de la pr\u00e9sidence de la R\u00e9publique.<\/p>\n<p>Bien \u00e9videmment, il est devenu viral sur les r\u00e9seaux sociaux, soulevant le courroux de nombreux camerounais qui condamnent l\u2019opulence des dirigeants de leur pays, notamment au Palais de l\u2019Unit\u00e9, si\u00e8ge de la pr\u00e9sidence, alors que dans le m\u00eame temps, une grande partie du peuple peine \u00e0 avoir de l\u2019eau potable. L\u2019opinion a fini par se diviser, certains observateurs\u00a0<em>\u00a0<\/em>soutenant que la correspondance attribu\u00e9e au Dg du Budget \u00e9tait \u00e0 ranger dans la cat\u00e9gorie des <em>\u00ab\u00a0<strong>fakenews<\/strong>\u00a0\u00bb<\/em>.<\/p>\n<p>Sur le plan protocolaire, estiment-ils, ce n\u2019est pas au percepteur payeur de l\u2019ambassade du Cameroun \u00e0 Paris d\u2019assurer cette prestation d\u2019achat des vins, mais plut\u00f4t \u00e0 l\u2019intendance de la pr\u00e9sidence du Cameroun. Ce service organise et assure les r\u00e9ceptions officielles \u00e0 la Pr\u00e9sidence (d\u00e9jeuners, d\u00eeners, cocktails). L\u2019intendance (compos\u00e9e notamment de ma\u00eetres d\u2019h\u00f4tels, cuisiniers), apprend-on, a par exemple la pr\u00e9rogative de passer ses march\u00e9s avec les diff\u00e9rents fournisseurs de son service.<\/p>\n<div class=\"sharedaddy sd-sharing-enabled robots-nocontent sd-block sd-social sd-social-icon-text sd-sharing\">\n<h3 class=\"sd-title\">Partager\u00a0:<\/h3>\n<\/div>\n<p><h3 class=\"jp-relatedposts-headline\"><em>Articles similaires<\/em><\/h3>\n<\/p>\n<p>Auteur: Francky<br \/>\n<a href=\"https:\/\/ecomatin.net\/polemique-autour-dune-facture-de-15-milliard-de-boissons-a-payer-pour-le-palais-de-lunite\/\">Cliquez ici pour lire l&rsquo;article depuis sa source.<\/a><\/p>\n","protected":false},"excerpt":{"rendered":"<p>Par une correspondante en date du 24 d\u00e9cembre 2019, dont EcoMatin a eu copie, un regroupement de personne se faisant appeler \u00ab\u00a0Collectif des associations de la diaspora camerounaise en France\u00a0\u00bb a saisi trois entreprises fran\u00e7aises pour une bien curieuse requ\u00eate. \u00ab\u00a0Nous tenons \u00e0 vous mettre en garde contre cette op\u00e9ration constitutive de blanchiment et de [&hellip;]<\/p>\n","protected":false},"author":1969,"featured_media":0,"comment_status":"closed","ping_status":"closed","sticky":false,"template":"","format":"standard","meta":{"fifu_image_url":"","fifu_image_alt":"","footnotes":""},"categories":[82,78],"tags":[],"class_list":["post-71573","post","type-post","status-publish","format-standard","hentry","category-cameroun","category-economie"],"_links":{"self":[{"href":"https:\/\/linitiative.ca\/International\/wp-json\/wp\/v2\/posts\/71573","targetHints":{"allow":["GET"]}}],"collection":[{"href":"https:\/\/linitiative.ca\/International\/wp-json\/wp\/v2\/posts"}],"about":[{"href":"https:\/\/linitiative.ca\/International\/wp-json\/wp\/v2\/types\/post"}],"author":[{"embeddable":true,"href":"https:\/\/linitiative.ca\/International\/wp-json\/wp\/v2\/users\/1969"}],"replies":[{"embeddable":true,"href":"https:\/\/linitiative.ca\/International\/wp-json\/wp\/v2\/comments?post=71573"}],"version-history":[{"count":0,"href":"https:\/\/linitiative.ca\/International\/wp-json\/wp\/v2\/posts\/71573\/revisions"}],"wp:attachment":[{"href":"https:\/\/linitiative.ca\/International\/wp-json\/wp\/v2\/media?parent=71573"}],"wp:term":[{"taxonomy":"category","embeddable":true,"href":"https:\/\/linitiative.ca\/International\/wp-json\/wp\/v2\/categories?post=71573"},{"taxonomy":"post_tag","embeddable":true,"href":"https:\/\/linitiative.ca\/International\/wp-json\/wp\/v2\/tags?post=71573"}],"curies":[{"name":"wp","href":"https:\/\/api.w.org\/{rel}","templated":true}]}}